{"id":12038,"date":"2015-12-22T10:22:57","date_gmt":"2015-12-22T10:22:57","guid":{"rendered":"https:\/\/genomecanada.ca\/drupal\/news_release\/nomination-de-m-marc-lepage-au-poste-de-president-et-chef-de-la-direction-de-genome-canada\/"},"modified":"2015-12-22T10:22:57","modified_gmt":"2015-12-22T10:22:57","slug":"nomination-de-m-marc-lepage-au-poste-de-president-et-chef-de-la-direction-de-genome-canada","status":"publish","type":"post","link":"https:\/\/genomecanada.ca\/fr\/nomination-de-m-marc-lepage-au-poste-de-president-et-chef-de-la-direction-de-genome-canada\/","title":{"rendered":"Nomination de M. Marc LePage au poste de pr\u00e9sident et chef de la direction de G\u00e9nome Canada"},"content":{"rendered":"<p>Au nom du conseil d\u2019administration de G\u00e9nome Canada, son pr\u00e9sident, M.&nbsp;Lorne Hepworth, a annonc\u00e9 aujourd\u2019hui la nomination de M.&nbsp;Marc LePage au poste de pr\u00e9sident et chef de la direction de l\u2019organisme \u00e0 compter du 4&nbsp;janvier&nbsp;2016.<\/p>\n<p>\u00ab M.&nbsp;LePage poss\u00e8de de profondes racines dans la communaut\u00e9 canadienne de la g\u00e9nomique et des ant\u00e9c\u00e9dents av\u00e9r\u00e9s de r\u00e9ussite dans ce domaine avant-gardiste des sciences, de la technologie et de l\u2019innovation. Son exp\u00e9rience r\u00e9gionale, nationale et internationale, alli\u00e9e \u00e0 des comp\u00e9tences exceptionnelles en communication et en financement font de lui une personne extr\u00eamement qualifi\u00e9e pour diriger G\u00e9nome Canada qui mobilise le pouvoir de transformation de la g\u00e9nomique au profit de toute la population canadienne \u00bb a d\u00e9clar\u00e9 M.&nbsp;Hepworth. Il a ajout\u00e9 que la nomination de M.&nbsp;LePage r\u00e9sulte d\u2019une recherche de cadres de direction nationale et internationale exhaustive, dirig\u00e9e par un sous-comit\u00e9 extraordinaire du conseil d\u2019administration.&nbsp;<\/p>\n<p>M.&nbsp;LePagea \u00e9t\u00e9 nomm\u00e9 pr\u00e9sident-directeur g\u00e9n\u00e9ral de G\u00e9nome Qu\u00e9bec en d\u00e9cembre 2011. Sous sa direction, G\u00e9nome Qu\u00e9bec a multipli\u00e9 les activit\u00e9s en recherche et davantage mis\u00e9 sur la mise au point d\u2019applications g\u00e9nomiques dans les secteurs prioritaires du Qu\u00e9bec. Auparavant, M.&nbsp;LePage a \u00e9t\u00e9 conseiller sp\u00e9cial, Changement climatique et \u00c9nergie, \u00e0 l\u2019Ambassade du Canada \u00e0 Washington,&nbsp;D.C, et consul g\u00e9n\u00e9ral au Consulat g\u00e9n\u00e9ral du Canada \u00e0 San&nbsp;Francisco\/SiliconValley. Il a fait partie des pionniers de la fondation de G\u00e9nome Canada en 2000. Pendant son mandat \u00e0 titre de vice-pr\u00e9sident ex\u00e9cutif, D\u00e9veloppement corporatif, il a remarquablement contribu\u00e9 \u00e0 l\u2019essor rapide de l\u2019organisation, \u00e0 ses programmes et \u00e0 son syst\u00e8me d\u2019\u00e9valuation par des pairs.<\/p>\n<p>\u00ab &nbsp;Le Canada poss\u00e8de une entreprise dynamique de recherche en g\u00e9nomique et je suis honor\u00e9 d\u2019accepter ce r\u00f4le de direction d\u2019un organisme que je connais et admire, a dit M.&nbsp;LePage. Je suis heureux de travailler en \u00e9troite collaboration avec les six centres de g\u00e9nomique r\u00e9gionaux du pays, les chercheurs partout au Canada et de nombreux partenaires des secteurs public, priv\u00e9, et sans but lucratif pour r\u00e9aliser l\u2019immense potentiel de la g\u00e9nomique au Canada \u00bb. a-t-il ajout\u00e9.<\/p>\n<p>G\u00e9nome Canada tient \u00e0 remercier M<sup>me<\/sup>&nbsp;Cindy Bell qui a remplac\u00e9 \u00e0 titre int\u00e9rimaire l\u2019ex-pr\u00e9sident et chef de la direction, M.&nbsp;Pierre Meulien, lorsqu\u2019il a quitt\u00e9 son poste en juillet dernier pour diriger l\u2019InnovativeMedicines Initiative europ\u00e9enne. M<sup>me<\/sup>&nbsp;Bell reprendra ses fonctions de vice-pr\u00e9sidente ex\u00e9cutive, D\u00e9veloppement corporatif, \u00e0 G\u00e9nome Canada.&nbsp;<\/p>\n<p><strong>\u00c0 propos de G\u00e9nome Canada<\/strong><\/p>\n<p>G\u00e9nome Canada est un organisme sans but lucratif qui mobilise le pouvoir de transformation de la g\u00e9nomique au profit de toute la population canadienne. Nous tissons des liens entre les id\u00e9es et les personnes, tant dans le secteur public que le secteur priv\u00e9, pour trouver de nouveaux usages \u00e0 la g\u00e9nomique; nous investissons dans les grands projets scientifiques et la technologie pour stimuler l\u2019innovation; et nous transformons les d\u00e9couvertes en applications dans les secteurs cl\u00e9s d\u2019importance nationale, soit la sant\u00e9, l\u2019agriculture, la foresterie, les p\u00eaches et l\u2019aquaculture, l\u2019\u00e9nergie, les mines et l\u2019environnement. Pour plus de renseignements, visitez&nbsp; <a href=\"http:\/\/www.genomecanada.ca\" target=\"_blank\" rel=\"noopener\">www.genomecanada.ca<\/a>.<\/p>\n<p><strong>Renseignements&nbsp;<\/strong><\/p>\n<p>Andrea Matyas<br \/>\nDirectrice, Communications<br \/>\nG\u00e9nome Canada<br \/>\nBureau&nbsp;: 613-751-4460, poste&nbsp;231<br \/>\nCellulaire&nbsp;: 613-790-0106<br \/>\n<a href=\"mailto:amatyas@genomecanada.ca\">amatyas@genomecanada.ca<\/a><\/p>\n","protected":false},"excerpt":{"rendered":"<p>Au nom du conseil d\u2019administration de G\u00e9nome Canada, son pr\u00e9sident, M.&nbsp;Lorne Hepworth, a annonc\u00e9 aujourd\u2019hui la nomination de M.&nbsp;Marc LePage au poste de pr\u00e9sident et chef de la direction de l\u2019organisme \u00e0 compter du 4&nbsp;janvier&nbsp;2016. \u00ab M.&nbsp;LePage poss\u00e8de de profondes racines dans la communaut\u00e9 canadienne de la g\u00e9nomique et des ant\u00e9c\u00e9dents av\u00e9r\u00e9s de r\u00e9ussite dans [&hellip;]<\/p>\n","protected":false},"author":2,"featured_media":0,"comment_status":"closed","ping_status":"closed","sticky":false,"template":"","format":"standard","meta":{"_acf_changed":false,"site-sidebar-layout":"default","site-content-layout":"","ast-site-content-layout":"default","site-content-style":"default","site-sidebar-style":"default","ast-global-header-display":"","ast-banner-title-visibility":"","ast-main-header-display":"","ast-hfb-above-header-display":"","ast-hfb-below-header-display":"","ast-hfb-mobile-header-display":"","site-post-title":"","ast-breadcrumbs-content":"","ast-featured-img":"","footer-sml-layout":"","ast-disable-related-posts":"","theme-transparent-header-meta":"","adv-header-id-meta":"","stick-header-meta":"","header-above-stick-meta":"","header-main-stick-meta":"","header-below-stick-meta":"","astra-migrate-meta-layouts":"default","ast-page-background-enabled":"default","ast-page-background-meta":{"desktop":{"background-color":"","background-image":"","background-repeat":"repeat","background-position":"center center","background-size":"auto","background-attachment":"scroll","background-type":"","background-media":"","overlay-type":"","overlay-color":"","overlay-opacity":"","overlay-gradient":""},"tablet":{"background-color":"","background-image":"","background-repeat":"repeat","background-position":"center center","background-size":"auto","background-attachment":"scroll","background-type":"","background-media":"","overlay-type":"","overlay-color":"","overlay-opacity":"","overlay-gradient":""},"mobile":{"background-color":"","background-image":"","background-repeat":"repeat","background-position":"center center","background-size":"auto","background-attachment":"scroll","background-type":"","background-media":"","overlay-type":"","overlay-color":"","overlay-opacity":"","overlay-gradient":""}},"ast-content-background-meta":{"desktop":{"background-color":"var(--ast-global-color-5)","background-image":"","background-repeat":"repeat","background-position":"center center","background-size":"auto","background-attachment":"scroll","background-type":"","background-media":"","overlay-type":"","overlay-color":"","overlay-opacity":"","overlay-gradient":""},"tablet":{"background-color":"var(--ast-global-color-5)","background-image":"","background-repeat":"repeat","background-position":"center center","background-size":"auto","background-attachment":"scroll","background-type":"","background-media":"","overlay-type":"","overlay-color":"","overlay-opacity":"","overlay-gradient":""},"mobile":{"background-color":"var(--ast-global-color-5)","background-image":"","background-repeat":"repeat","background-position":"center center","background-size":"auto","background-attachment":"scroll","background-type":"","background-media":"","overlay-type":"","overlay-color":"","overlay-opacity":"","overlay-gradient":""}},"footnotes":""},"categories":[127],"tags":[],"mission-categories":[],"class_list":["post-12038","post","type-post","status-publish","format-standard","hentry","category-news-fr"],"acf":[],"yoast_head":"<!-- This site is optimized with the Yoast SEO plugin v27.5 - https:\/\/yoast.com\/product\/yoast-seo-wordpress\/ -->\n<title>Nomination de M. Marc LePage au poste de pr\u00e9sident et chef de la direction de G\u00e9nome Canada - GenomeCanada<\/title>\n<meta name=\"robots\" content=\"index, follow, max-snippet:-1, max-image-preview:large, max-video-preview:-1\" \/>\n<link rel=\"canonical\" href=\"https:\/\/genomecanada.ca\/fr\/nomination-de-m-marc-lepage-au-poste-de-president-et-chef-de-la-direction-de-genome-canada\/\" \/>\n<meta property=\"og:locale\" content=\"fr_FR\" \/>\n<meta property=\"og:type\" content=\"article\" \/>\n<meta property=\"og:title\" content=\"Nomination de M. Marc LePage au poste de pr\u00e9sident et chef de la direction de G\u00e9nome Canada - GenomeCanada\" \/>\n<meta property=\"og:description\" content=\"Au nom du conseil d\u2019administration de G\u00e9nome Canada, son pr\u00e9sident, M.&nbsp;Lorne Hepworth, a annonc\u00e9 aujourd\u2019hui la nomination de M.&nbsp;Marc LePage au poste de pr\u00e9sident et chef de la direction de l\u2019organisme \u00e0 compter du 4&nbsp;janvier&nbsp;2016. \u00ab M.&nbsp;LePage poss\u00e8de de profondes racines dans la communaut\u00e9 canadienne de la g\u00e9nomique et des ant\u00e9c\u00e9dents av\u00e9r\u00e9s de r\u00e9ussite dans [&hellip;]\" \/>\n<meta property=\"og:url\" content=\"https:\/\/genomecanada.ca\/fr\/nomination-de-m-marc-lepage-au-poste-de-president-et-chef-de-la-direction-de-genome-canada\/\" \/>\n<meta property=\"og:site_name\" content=\"GenomeCanada\" \/>\n<meta property=\"article:published_time\" content=\"2015-12-22T10:22:57+00:00\" \/>\n<meta name=\"author\" content=\"Pierre\" \/>\n<meta name=\"twitter:card\" content=\"summary_large_image\" \/>\n<meta name=\"twitter:label1\" content=\"\u00c9crit par\" \/>\n\t<meta name=\"twitter:data1\" content=\"Pierre\" \/>\n\t<meta name=\"twitter:label2\" content=\"Dur\u00e9e de lecture estim\u00e9e\" \/>\n\t<meta name=\"twitter:data2\" content=\"3 minutes\" \/>\n<script type=\"application\/ld+json\" class=\"yoast-schema-graph\">{\"@context\":\"https:\\\/\\\/schema.org\",\"@graph\":[{\"@type\":\"Article\",\"@id\":\"https:\\\/\\\/genomecanada.ca\\\/fr\\\/nomination-de-m-marc-lepage-au-poste-de-president-et-chef-de-la-direction-de-genome-canada\\\/#article\",\"isPartOf\":{\"@id\":\"https:\\\/\\\/genomecanada.ca\\\/fr\\\/nomination-de-m-marc-lepage-au-poste-de-president-et-chef-de-la-direction-de-genome-canada\\\/\"},\"author\":{\"name\":\"Pierre\",\"@id\":\"https:\\\/\\\/genomecanada.ca\\\/fr\\\/#\\\/schema\\\/person\\\/9178d2ca6aca04c78924c5863c96697a\"},\"headline\":\"Nomination de M. Marc LePage au poste de pr\u00e9sident et chef de la direction de G\u00e9nome Canada\",\"datePublished\":\"2015-12-22T10:22:57+00:00\",\"mainEntityOfPage\":{\"@id\":\"https:\\\/\\\/genomecanada.ca\\\/fr\\\/nomination-de-m-marc-lepage-au-poste-de-president-et-chef-de-la-direction-de-genome-canada\\\/\"},\"wordCount\":618,\"publisher\":{\"@id\":\"https:\\\/\\\/genomecanada.ca\\\/fr\\\/#organization\"},\"articleSection\":[\"News\"],\"inLanguage\":\"fr-FR\"},{\"@type\":\"WebPage\",\"@id\":\"https:\\\/\\\/genomecanada.ca\\\/fr\\\/nomination-de-m-marc-lepage-au-poste-de-president-et-chef-de-la-direction-de-genome-canada\\\/\",\"url\":\"https:\\\/\\\/genomecanada.ca\\\/fr\\\/nomination-de-m-marc-lepage-au-poste-de-president-et-chef-de-la-direction-de-genome-canada\\\/\",\"name\":\"Nomination de M. Marc LePage au poste de pr\u00e9sident et chef de la direction de G\u00e9nome Canada - GenomeCanada\",\"isPartOf\":{\"@id\":\"https:\\\/\\\/genomecanada.ca\\\/fr\\\/#website\"},\"datePublished\":\"2015-12-22T10:22:57+00:00\",\"breadcrumb\":{\"@id\":\"https:\\\/\\\/genomecanada.ca\\\/fr\\\/nomination-de-m-marc-lepage-au-poste-de-president-et-chef-de-la-direction-de-genome-canada\\\/#breadcrumb\"},\"inLanguage\":\"fr-FR\",\"potentialAction\":[{\"@type\":\"ReadAction\",\"target\":[\"https:\\\/\\\/genomecanada.ca\\\/fr\\\/nomination-de-m-marc-lepage-au-poste-de-president-et-chef-de-la-direction-de-genome-canada\\\/\"]}]},{\"@type\":\"BreadcrumbList\",\"@id\":\"https:\\\/\\\/genomecanada.ca\\\/fr\\\/nomination-de-m-marc-lepage-au-poste-de-president-et-chef-de-la-direction-de-genome-canada\\\/#breadcrumb\",\"itemListElement\":[{\"@type\":\"ListItem\",\"position\":1,\"name\":\"Home\",\"item\":\"https:\\\/\\\/genomecanada.ca\\\/fr\\\/\"},{\"@type\":\"ListItem\",\"position\":2,\"name\":\"Nomination de M. Marc LePage au poste de pr\u00e9sident et chef de la direction de G\u00e9nome Canada\"}]},{\"@type\":\"WebSite\",\"@id\":\"https:\\\/\\\/genomecanada.ca\\\/fr\\\/#website\",\"url\":\"https:\\\/\\\/genomecanada.ca\\\/fr\\\/\",\"name\":\"GenomeCanada\",\"description\":\"Harnessing the transformative power of genomics\",\"publisher\":{\"@id\":\"https:\\\/\\\/genomecanada.ca\\\/fr\\\/#organization\"},\"potentialAction\":[{\"@type\":\"SearchAction\",\"target\":{\"@type\":\"EntryPoint\",\"urlTemplate\":\"https:\\\/\\\/genomecanada.ca\\\/fr\\\/?s={search_term_string}\"},\"query-input\":{\"@type\":\"PropertyValueSpecification\",\"valueRequired\":true,\"valueName\":\"search_term_string\"}}],\"inLanguage\":\"fr-FR\"},{\"@type\":\"Organization\",\"@id\":\"https:\\\/\\\/genomecanada.ca\\\/fr\\\/#organization\",\"name\":\"GenomeCanada\",\"url\":\"https:\\\/\\\/genomecanada.ca\\\/fr\\\/\",\"logo\":{\"@type\":\"ImageObject\",\"inLanguage\":\"fr-FR\",\"@id\":\"https:\\\/\\\/genomecanada.ca\\\/fr\\\/#\\\/schema\\\/logo\\\/image\\\/\",\"url\":\"https:\\\/\\\/genomecanada.ca\\\/wp-content\\\/uploads\\\/2021\\\/07\\\/genome-canada_stacked.svg\",\"contentUrl\":\"https:\\\/\\\/genomecanada.ca\\\/wp-content\\\/uploads\\\/2021\\\/07\\\/genome-canada_stacked.svg\",\"width\":285,\"height\":180,\"caption\":\"GenomeCanada\"},\"image\":{\"@id\":\"https:\\\/\\\/genomecanada.ca\\\/fr\\\/#\\\/schema\\\/logo\\\/image\\\/\"}},{\"@type\":\"Person\",\"@id\":\"https:\\\/\\\/genomecanada.ca\\\/fr\\\/#\\\/schema\\\/person\\\/9178d2ca6aca04c78924c5863c96697a\",\"name\":\"Pierre\",\"image\":{\"@type\":\"ImageObject\",\"inLanguage\":\"fr-FR\",\"@id\":\"https:\\\/\\\/secure.gravatar.com\\\/avatar\\\/a57e4d6e69393a17b8cd7f6418130969ad93131795406009ba79ed41978382d2?s=96&d=mm&r=g\",\"url\":\"https:\\\/\\\/secure.gravatar.com\\\/avatar\\\/a57e4d6e69393a17b8cd7f6418130969ad93131795406009ba79ed41978382d2?s=96&d=mm&r=g\",\"contentUrl\":\"https:\\\/\\\/secure.gravatar.com\\\/avatar\\\/a57e4d6e69393a17b8cd7f6418130969ad93131795406009ba79ed41978382d2?s=96&d=mm&r=g\",\"caption\":\"Pierre\"},\"url\":\"https:\\\/\\\/genomecanada.ca\\\/fr\\\/author\\\/pierre\\\/\"}]}<\/script>\n<!-- \/ Yoast SEO plugin. -->","yoast_head_json":{"title":"Nomination de M. Marc LePage au poste de pr\u00e9sident et chef de la direction de G\u00e9nome Canada - GenomeCanada","robots":{"index":"index","follow":"follow","max-snippet":"max-snippet:-1","max-image-preview":"max-image-preview:large","max-video-preview":"max-video-preview:-1"},"canonical":"https:\/\/genomecanada.ca\/fr\/nomination-de-m-marc-lepage-au-poste-de-president-et-chef-de-la-direction-de-genome-canada\/","og_locale":"fr_FR","og_type":"article","og_title":"Nomination de M. Marc LePage au poste de pr\u00e9sident et chef de la direction de G\u00e9nome Canada - GenomeCanada","og_description":"Au nom du conseil d\u2019administration de G\u00e9nome Canada, son pr\u00e9sident, M.&nbsp;Lorne Hepworth, a annonc\u00e9 aujourd\u2019hui la nomination de M.&nbsp;Marc LePage au poste de pr\u00e9sident et chef de la direction de l\u2019organisme \u00e0 compter du 4&nbsp;janvier&nbsp;2016. \u00ab M.&nbsp;LePage poss\u00e8de de profondes racines dans la communaut\u00e9 canadienne de la g\u00e9nomique et des ant\u00e9c\u00e9dents av\u00e9r\u00e9s de r\u00e9ussite dans [&hellip;]","og_url":"https:\/\/genomecanada.ca\/fr\/nomination-de-m-marc-lepage-au-poste-de-president-et-chef-de-la-direction-de-genome-canada\/","og_site_name":"GenomeCanada","article_published_time":"2015-12-22T10:22:57+00:00","author":"Pierre","twitter_card":"summary_large_image","twitter_misc":{"\u00c9crit par":"Pierre","Dur\u00e9e de lecture estim\u00e9e":"3 minutes"},"schema":{"@context":"https:\/\/schema.org","@graph":[{"@type":"Article","@id":"https:\/\/genomecanada.ca\/fr\/nomination-de-m-marc-lepage-au-poste-de-president-et-chef-de-la-direction-de-genome-canada\/#article","isPartOf":{"@id":"https:\/\/genomecanada.ca\/fr\/nomination-de-m-marc-lepage-au-poste-de-president-et-chef-de-la-direction-de-genome-canada\/"},"author":{"name":"Pierre","@id":"https:\/\/genomecanada.ca\/fr\/#\/schema\/person\/9178d2ca6aca04c78924c5863c96697a"},"headline":"Nomination de M. Marc LePage au poste de pr\u00e9sident et chef de la direction de G\u00e9nome Canada","datePublished":"2015-12-22T10:22:57+00:00","mainEntityOfPage":{"@id":"https:\/\/genomecanada.ca\/fr\/nomination-de-m-marc-lepage-au-poste-de-president-et-chef-de-la-direction-de-genome-canada\/"},"wordCount":618,"publisher":{"@id":"https:\/\/genomecanada.ca\/fr\/#organization"},"articleSection":["News"],"inLanguage":"fr-FR"},{"@type":"WebPage","@id":"https:\/\/genomecanada.ca\/fr\/nomination-de-m-marc-lepage-au-poste-de-president-et-chef-de-la-direction-de-genome-canada\/","url":"https:\/\/genomecanada.ca\/fr\/nomination-de-m-marc-lepage-au-poste-de-president-et-chef-de-la-direction-de-genome-canada\/","name":"Nomination de M. Marc LePage au poste de pr\u00e9sident et chef de la direction de G\u00e9nome Canada - GenomeCanada","isPartOf":{"@id":"https:\/\/genomecanada.ca\/fr\/#website"},"datePublished":"2015-12-22T10:22:57+00:00","breadcrumb":{"@id":"https:\/\/genomecanada.ca\/fr\/nomination-de-m-marc-lepage-au-poste-de-president-et-chef-de-la-direction-de-genome-canada\/#breadcrumb"},"inLanguage":"fr-FR","potentialAction":[{"@type":"ReadAction","target":["https:\/\/genomecanada.ca\/fr\/nomination-de-m-marc-lepage-au-poste-de-president-et-chef-de-la-direction-de-genome-canada\/"]}]},{"@type":"BreadcrumbList","@id":"https:\/\/genomecanada.ca\/fr\/nomination-de-m-marc-lepage-au-poste-de-president-et-chef-de-la-direction-de-genome-canada\/#breadcrumb","itemListElement":[{"@type":"ListItem","position":1,"name":"Home","item":"https:\/\/genomecanada.ca\/fr\/"},{"@type":"ListItem","position":2,"name":"Nomination de M. Marc LePage au poste de pr\u00e9sident et chef de la direction de G\u00e9nome Canada"}]},{"@type":"WebSite","@id":"https:\/\/genomecanada.ca\/fr\/#website","url":"https:\/\/genomecanada.ca\/fr\/","name":"GenomeCanada","description":"Harnessing the transformative power of genomics","publisher":{"@id":"https:\/\/genomecanada.ca\/fr\/#organization"},"potentialAction":[{"@type":"SearchAction","target":{"@type":"EntryPoint","urlTemplate":"https:\/\/genomecanada.ca\/fr\/?s={search_term_string}"},"query-input":{"@type":"PropertyValueSpecification","valueRequired":true,"valueName":"search_term_string"}}],"inLanguage":"fr-FR"},{"@type":"Organization","@id":"https:\/\/genomecanada.ca\/fr\/#organization","name":"GenomeCanada","url":"https:\/\/genomecanada.ca\/fr\/","logo":{"@type":"ImageObject","inLanguage":"fr-FR","@id":"https:\/\/genomecanada.ca\/fr\/#\/schema\/logo\/image\/","url":"https:\/\/genomecanada.ca\/wp-content\/uploads\/2021\/07\/genome-canada_stacked.svg","contentUrl":"https:\/\/genomecanada.ca\/wp-content\/uploads\/2021\/07\/genome-canada_stacked.svg","width":285,"height":180,"caption":"GenomeCanada"},"image":{"@id":"https:\/\/genomecanada.ca\/fr\/#\/schema\/logo\/image\/"}},{"@type":"Person","@id":"https:\/\/genomecanada.ca\/fr\/#\/schema\/person\/9178d2ca6aca04c78924c5863c96697a","name":"Pierre","image":{"@type":"ImageObject","inLanguage":"fr-FR","@id":"https:\/\/secure.gravatar.com\/avatar\/a57e4d6e69393a17b8cd7f6418130969ad93131795406009ba79ed41978382d2?s=96&d=mm&r=g","url":"https:\/\/secure.gravatar.com\/avatar\/a57e4d6e69393a17b8cd7f6418130969ad93131795406009ba79ed41978382d2?s=96&d=mm&r=g","contentUrl":"https:\/\/secure.gravatar.com\/avatar\/a57e4d6e69393a17b8cd7f6418130969ad93131795406009ba79ed41978382d2?s=96&d=mm&r=g","caption":"Pierre"},"url":"https:\/\/genomecanada.ca\/fr\/author\/pierre\/"}]}},"_links":{"self":[{"href":"https:\/\/genomecanada.ca\/fr\/wp-json\/wp\/v2\/posts\/12038","targetHints":{"allow":["GET"]}}],"collection":[{"href":"https:\/\/genomecanada.ca\/fr\/wp-json\/wp\/v2\/posts"}],"about":[{"href":"https:\/\/genomecanada.ca\/fr\/wp-json\/wp\/v2\/types\/post"}],"author":[{"embeddable":true,"href":"https:\/\/genomecanada.ca\/fr\/wp-json\/wp\/v2\/users\/2"}],"replies":[{"embeddable":true,"href":"https:\/\/genomecanada.ca\/fr\/wp-json\/wp\/v2\/comments?post=12038"}],"version-history":[{"count":0,"href":"https:\/\/genomecanada.ca\/fr\/wp-json\/wp\/v2\/posts\/12038\/revisions"}],"wp:attachment":[{"href":"https:\/\/genomecanada.ca\/fr\/wp-json\/wp\/v2\/media?parent=12038"}],"wp:term":[{"taxonomy":"category","embeddable":true,"href":"https:\/\/genomecanada.ca\/fr\/wp-json\/wp\/v2\/categories?post=12038"},{"taxonomy":"post_tag","embeddable":true,"href":"https:\/\/genomecanada.ca\/fr\/wp-json\/wp\/v2\/tags?post=12038"},{"taxonomy":"mission-categories","embeddable":true,"href":"https:\/\/genomecanada.ca\/fr\/wp-json\/wp\/v2\/mission-categories?post=12038"}],"curies":[{"name":"wp","href":"https:\/\/api.w.org\/{rel}","templated":true}]}}