{"id":12053,"date":"2015-12-26T08:37:03","date_gmt":"2015-12-26T08:37:03","guid":{"rendered":"https:\/\/genomecanada.ca\/drupal\/news_release\/appel-transnational-mixte-e-rare-3-2015-projets-de-recherche-transnationaux-sur-les\/"},"modified":"2015-12-26T08:37:03","modified_gmt":"2015-12-26T08:37:03","slug":"appel-transnational-mixte-e-rare-3-2015-projets-de-recherche-transnationaux-sur-les","status":"publish","type":"post","link":"https:\/\/genomecanada.ca\/fr\/appel-transnational-mixte-e-rare-3-2015-projets-de-recherche-transnationaux-sur-les\/","title":{"rendered":"Appel transnational mixte E-Rare-3 (2015) : Projets de recherche transnationaux sur les maladies rares"},"content":{"rendered":"<p>G\u00e9nome Canada annonce avec plaisir un partenariat avec le consortium ERA-NET \u00ab E-Rare-3 \u00bb et sa participation \u00e0 l\u2019Appel transnational mixte de \u00ab Projets europ\u00e9ens de recherche sur les maladies rares \u00bb de 2015.<\/p>\n<p>Nous sommes \u00e9galement heureux de travailler en collaboration avec les IRSC, le Fonds de recherche en sant\u00e9 du Qu\u00e9bec et nos partenaires des organismes b\u00e9n\u00e9voles de la sant\u00e9, la Fondation de l\u2019ataxie Charlevoix-Saguenay, Fibrose kystique Canada et Dystrophie musculaire Canada afin de maximiser la participation canadienne \u00e0 cette initiative tr\u00e8s int\u00e9ressante qui compl\u00e8te nos efforts pour soutenir et faire progresser la recherche sur les maladies rares.<\/p>\n<p>Notre participation mixte \u00e0 ce programme donnera aux chercheurs canadiens l\u2019occasion de travailler avec leurs coll\u00e8gues europ\u00e9ens \u00e0 la r\u00e9alisation de projets de recherche interdisciplinaires et multilat\u00e9raux qui mettront \u00e0 profit les compl\u00e9mentarit\u00e9s et la mise en commun de l\u2019expertise et des ressources pour faire avancer en particulier la recherche translationnelle. Les projets retenus, conformes aux objectifs du Consortium international de recherche sur les maladies rares (IRDiRC), viseront collectivement \u00e0 l\u2019atteinte du but ambitieux de produire, d\u2019ici 2020, 200 nouvelles th\u00e9rapies pour des maladies rares et des tests de diagnostic pour toutes ces maladies.<\/p>\n<p>Il existe au moins de 6 000 \u00e0 7 000 maladies rares distinctes, dont la majeure partie est d\u2019origine g\u00e9n\u00e9tique. M\u00eame si elles sont rares \u00e0 l\u2019\u00e9chelle individuelle, ces maladies, prises collectivement, affectent au moins de 26 \u00e0 30 millions de personnes en Europe. Au Canada, 1 Canadien sur 12 est atteint d\u2019un trouble rare. Ces maladies repr\u00e9sentent en outre un probl\u00e8me important pour les soins de sant\u00e9, car un grand nombre entra\u00eene une diminution importante de l\u2019esp\u00e9rance de vie et la plupart causent des maladies chroniques qui ont une grande incidence sur la qualit\u00e9 de vie et le syst\u00e8me de sant\u00e9.<\/p>\n<p>La recherche sur les maladies rares s\u2019impose parce qu\u2019il faut mieux conna\u00eetre ces maladies pour les pr\u00e9venir, les diagnostiquer et mieux soigner les patients. Elle est cependant restreinte par un manque de ressources \u00e0 plusieurs \u00e9gards. La mobilisation des ressources et la coordination des efforts de recherche sont des \u00e9l\u00e9ments cl\u00e9s de la r\u00e9ussite dans le domaine des maladies rares. Ce dernier peut tirer grand profit de la collaboration \u00e0 l\u2019\u00e9chelle transnationale en raison du nombre limit\u00e9 de patients et de la difficult\u00e9 de constituer les cohortes n\u00e9cessaires, ce qui peut s\u2019expliquer par l\u2019\u00e9parpillement des patients sur de grandes r\u00e9gions g\u00e9ographiques, la raret\u00e9 des connaissances et de l\u2019expertise, et la n\u00e9cessit\u00e9 d\u2019adopter des approches coop\u00e9ratives et interdisciplinaires pour \u00e9tudier des ph\u00e9notypes cliniques complexes.<\/p>\n<p>Pour tout renseignement additionnel, veuillez consulter le texte de l\u2019appel de demandes et les lignes directrices \u00e0 l\u2019intention des candidats \u2013 E-Rare JTC 2015, au lien suivant : <a href=\"http:\/\/www.erare.eu\/joint-call\/7th-joint-call-european-research-projects-rare-diseases-jtc-2015\" target=\"_blank\" rel=\"noopener\">http:\/\/www.erare.eu\/joint-call\/7th-joint-call-european-research-projects-rare-diseases-jtc-2015<\/a> (en anglais seulement).<\/p>\n","protected":false},"excerpt":{"rendered":"<p>G\u00e9nome Canada annonce avec plaisir un partenariat avec le consortium ERA-NET \u00ab E-Rare-3 \u00bb et sa participation \u00e0 l\u2019Appel transnational mixte de \u00ab Projets europ\u00e9ens de recherche sur les maladies rares \u00bb de 2015. Nous sommes \u00e9galement heureux de travailler en collaboration avec les IRSC, le Fonds de recherche en sant\u00e9 du Qu\u00e9bec et nos [&hellip;]<\/p>\n","protected":false},"author":2,"featured_media":0,"comment_status":"closed","ping_status":"closed","sticky":false,"template":"","format":"standard","meta":{"_acf_changed":false,"site-sidebar-layout":"default","site-content-layout":"","ast-site-content-layout":"default","site-content-style":"default","site-sidebar-style":"default","ast-global-header-display":"","ast-banner-title-visibility":"","ast-main-header-display":"","ast-hfb-above-header-display":"","ast-hfb-below-header-display":"","ast-hfb-mobile-header-display":"","site-post-title":"","ast-breadcrumbs-content":"","ast-featured-img":"","footer-sml-layout":"","ast-disable-related-posts":"","theme-transparent-header-meta":"","adv-header-id-meta":"","stick-header-meta":"","header-above-stick-meta":"","header-main-stick-meta":"","header-below-stick-meta":"","astra-migrate-meta-layouts":"default","ast-page-background-enabled":"default","ast-page-background-meta":{"desktop":{"background-color":"","background-image":"","background-repeat":"repeat","background-position":"center center","background-size":"auto","background-attachment":"scroll","background-type":"","background-media":"","overlay-type":"","overlay-color":"","overlay-opacity":"","overlay-gradient":""},"tablet":{"background-color":"","background-image":"","background-repeat":"repeat","background-position":"center center","background-size":"auto","background-attachment":"scroll","background-type":"","background-media":"","overlay-type":"","overlay-color":"","overlay-opacity":"","overlay-gradient":""},"mobile":{"background-color":"","background-image":"","background-repeat":"repeat","background-position":"center center","background-size":"auto","background-attachment":"scroll","background-type":"","background-media":"","overlay-type":"","overlay-color":"","overlay-opacity":"","overlay-gradient":""}},"ast-content-background-meta":{"desktop":{"background-color":"var(--ast-global-color-5)","background-image":"","background-repeat":"repeat","background-position":"center center","background-size":"auto","background-attachment":"scroll","background-type":"","background-media":"","overlay-type":"","overlay-color":"","overlay-opacity":"","overlay-gradient":""},"tablet":{"background-color":"var(--ast-global-color-5)","background-image":"","background-repeat":"repeat","background-position":"center center","background-size":"auto","background-attachment":"scroll","background-type":"","background-media":"","overlay-type":"","overlay-color":"","overlay-opacity":"","overlay-gradient":""},"mobile":{"background-color":"var(--ast-global-color-5)","background-image":"","background-repeat":"repeat","background-position":"center center","background-size":"auto","background-attachment":"scroll","background-type":"","background-media":"","overlay-type":"","overlay-color":"","overlay-opacity":"","overlay-gradient":""}},"footnotes":""},"categories":[127],"tags":[],"mission-categories":[],"class_list":["post-12053","post","type-post","status-publish","format-standard","hentry","category-news-fr"],"acf":[],"yoast_head":"<!-- This site is optimized with the Yoast SEO plugin v27.5 - https:\/\/yoast.com\/product\/yoast-seo-wordpress\/ -->\n<title>Appel transnational mixte E-Rare-3 (2015) : Projets de recherche transnationaux sur les maladies rares - GenomeCanada<\/title>\n<meta name=\"robots\" content=\"index, follow, max-snippet:-1, max-image-preview:large, max-video-preview:-1\" \/>\n<link rel=\"canonical\" href=\"https:\/\/genomecanada.ca\/fr\/appel-transnational-mixte-e-rare-3-2015-projets-de-recherche-transnationaux-sur-les\/\" \/>\n<meta property=\"og:locale\" content=\"fr_FR\" \/>\n<meta property=\"og:type\" content=\"article\" \/>\n<meta property=\"og:title\" content=\"Appel transnational mixte E-Rare-3 (2015) : Projets de recherche transnationaux sur les maladies rares - GenomeCanada\" \/>\n<meta property=\"og:description\" content=\"G\u00e9nome Canada annonce avec plaisir un partenariat avec le consortium ERA-NET \u00ab E-Rare-3 \u00bb et sa participation \u00e0 l\u2019Appel transnational mixte de \u00ab Projets europ\u00e9ens de recherche sur les maladies rares \u00bb de 2015. Nous sommes \u00e9galement heureux de travailler en collaboration avec les IRSC, le Fonds de recherche en sant\u00e9 du Qu\u00e9bec et nos [&hellip;]\" \/>\n<meta property=\"og:url\" content=\"https:\/\/genomecanada.ca\/fr\/appel-transnational-mixte-e-rare-3-2015-projets-de-recherche-transnationaux-sur-les\/\" \/>\n<meta property=\"og:site_name\" content=\"GenomeCanada\" \/>\n<meta property=\"article:published_time\" content=\"2015-12-26T08:37:03+00:00\" \/>\n<meta name=\"author\" content=\"Pierre\" \/>\n<meta name=\"twitter:card\" content=\"summary_large_image\" \/>\n<meta name=\"twitter:label1\" content=\"\u00c9crit par\" \/>\n\t<meta name=\"twitter:data1\" content=\"Pierre\" \/>\n\t<meta name=\"twitter:label2\" content=\"Dur\u00e9e de lecture estim\u00e9e\" \/>\n\t<meta name=\"twitter:data2\" content=\"2 minutes\" \/>\n<script type=\"application\/ld+json\" class=\"yoast-schema-graph\">{\"@context\":\"https:\\\/\\\/schema.org\",\"@graph\":[{\"@type\":\"Article\",\"@id\":\"https:\\\/\\\/genomecanada.ca\\\/fr\\\/appel-transnational-mixte-e-rare-3-2015-projets-de-recherche-transnationaux-sur-les\\\/#article\",\"isPartOf\":{\"@id\":\"https:\\\/\\\/genomecanada.ca\\\/fr\\\/appel-transnational-mixte-e-rare-3-2015-projets-de-recherche-transnationaux-sur-les\\\/\"},\"author\":{\"name\":\"Pierre\",\"@id\":\"https:\\\/\\\/genomecanada.ca\\\/fr\\\/#\\\/schema\\\/person\\\/9178d2ca6aca04c78924c5863c96697a\"},\"headline\":\"Appel transnational mixte E-Rare-3 (2015) : Projets de recherche transnationaux sur les maladies rares\",\"datePublished\":\"2015-12-26T08:37:03+00:00\",\"mainEntityOfPage\":{\"@id\":\"https:\\\/\\\/genomecanada.ca\\\/fr\\\/appel-transnational-mixte-e-rare-3-2015-projets-de-recherche-transnationaux-sur-les\\\/\"},\"wordCount\":491,\"publisher\":{\"@id\":\"https:\\\/\\\/genomecanada.ca\\\/fr\\\/#organization\"},\"articleSection\":[\"News\"],\"inLanguage\":\"fr-FR\"},{\"@type\":\"WebPage\",\"@id\":\"https:\\\/\\\/genomecanada.ca\\\/fr\\\/appel-transnational-mixte-e-rare-3-2015-projets-de-recherche-transnationaux-sur-les\\\/\",\"url\":\"https:\\\/\\\/genomecanada.ca\\\/fr\\\/appel-transnational-mixte-e-rare-3-2015-projets-de-recherche-transnationaux-sur-les\\\/\",\"name\":\"Appel transnational mixte E-Rare-3 (2015) : Projets de recherche transnationaux sur les maladies rares - GenomeCanada\",\"isPartOf\":{\"@id\":\"https:\\\/\\\/genomecanada.ca\\\/fr\\\/#website\"},\"datePublished\":\"2015-12-26T08:37:03+00:00\",\"breadcrumb\":{\"@id\":\"https:\\\/\\\/genomecanada.ca\\\/fr\\\/appel-transnational-mixte-e-rare-3-2015-projets-de-recherche-transnationaux-sur-les\\\/#breadcrumb\"},\"inLanguage\":\"fr-FR\",\"potentialAction\":[{\"@type\":\"ReadAction\",\"target\":[\"https:\\\/\\\/genomecanada.ca\\\/fr\\\/appel-transnational-mixte-e-rare-3-2015-projets-de-recherche-transnationaux-sur-les\\\/\"]}]},{\"@type\":\"BreadcrumbList\",\"@id\":\"https:\\\/\\\/genomecanada.ca\\\/fr\\\/appel-transnational-mixte-e-rare-3-2015-projets-de-recherche-transnationaux-sur-les\\\/#breadcrumb\",\"itemListElement\":[{\"@type\":\"ListItem\",\"position\":1,\"name\":\"Home\",\"item\":\"https:\\\/\\\/genomecanada.ca\\\/fr\\\/\"},{\"@type\":\"ListItem\",\"position\":2,\"name\":\"Appel transnational mixte E-Rare-3 (2015) : Projets de recherche transnationaux sur les maladies rares\"}]},{\"@type\":\"WebSite\",\"@id\":\"https:\\\/\\\/genomecanada.ca\\\/fr\\\/#website\",\"url\":\"https:\\\/\\\/genomecanada.ca\\\/fr\\\/\",\"name\":\"GenomeCanada\",\"description\":\"Harnessing the transformative power of genomics\",\"publisher\":{\"@id\":\"https:\\\/\\\/genomecanada.ca\\\/fr\\\/#organization\"},\"potentialAction\":[{\"@type\":\"SearchAction\",\"target\":{\"@type\":\"EntryPoint\",\"urlTemplate\":\"https:\\\/\\\/genomecanada.ca\\\/fr\\\/?s={search_term_string}\"},\"query-input\":{\"@type\":\"PropertyValueSpecification\",\"valueRequired\":true,\"valueName\":\"search_term_string\"}}],\"inLanguage\":\"fr-FR\"},{\"@type\":\"Organization\",\"@id\":\"https:\\\/\\\/genomecanada.ca\\\/fr\\\/#organization\",\"name\":\"GenomeCanada\",\"url\":\"https:\\\/\\\/genomecanada.ca\\\/fr\\\/\",\"logo\":{\"@type\":\"ImageObject\",\"inLanguage\":\"fr-FR\",\"@id\":\"https:\\\/\\\/genomecanada.ca\\\/fr\\\/#\\\/schema\\\/logo\\\/image\\\/\",\"url\":\"https:\\\/\\\/genomecanada.ca\\\/wp-content\\\/uploads\\\/2021\\\/07\\\/genome-canada_stacked.svg\",\"contentUrl\":\"https:\\\/\\\/genomecanada.ca\\\/wp-content\\\/uploads\\\/2021\\\/07\\\/genome-canada_stacked.svg\",\"width\":285,\"height\":180,\"caption\":\"GenomeCanada\"},\"image\":{\"@id\":\"https:\\\/\\\/genomecanada.ca\\\/fr\\\/#\\\/schema\\\/logo\\\/image\\\/\"}},{\"@type\":\"Person\",\"@id\":\"https:\\\/\\\/genomecanada.ca\\\/fr\\\/#\\\/schema\\\/person\\\/9178d2ca6aca04c78924c5863c96697a\",\"name\":\"Pierre\",\"image\":{\"@type\":\"ImageObject\",\"inLanguage\":\"fr-FR\",\"@id\":\"https:\\\/\\\/secure.gravatar.com\\\/avatar\\\/a57e4d6e69393a17b8cd7f6418130969ad93131795406009ba79ed41978382d2?s=96&d=mm&r=g\",\"url\":\"https:\\\/\\\/secure.gravatar.com\\\/avatar\\\/a57e4d6e69393a17b8cd7f6418130969ad93131795406009ba79ed41978382d2?s=96&d=mm&r=g\",\"contentUrl\":\"https:\\\/\\\/secure.gravatar.com\\\/avatar\\\/a57e4d6e69393a17b8cd7f6418130969ad93131795406009ba79ed41978382d2?s=96&d=mm&r=g\",\"caption\":\"Pierre\"},\"url\":\"https:\\\/\\\/genomecanada.ca\\\/fr\\\/author\\\/pierre\\\/\"}]}<\/script>\n<!-- \/ Yoast SEO plugin. -->","yoast_head_json":{"title":"Appel transnational mixte E-Rare-3 (2015) : Projets de recherche transnationaux sur les maladies rares - GenomeCanada","robots":{"index":"index","follow":"follow","max-snippet":"max-snippet:-1","max-image-preview":"max-image-preview:large","max-video-preview":"max-video-preview:-1"},"canonical":"https:\/\/genomecanada.ca\/fr\/appel-transnational-mixte-e-rare-3-2015-projets-de-recherche-transnationaux-sur-les\/","og_locale":"fr_FR","og_type":"article","og_title":"Appel transnational mixte E-Rare-3 (2015) : Projets de recherche transnationaux sur les maladies rares - GenomeCanada","og_description":"G\u00e9nome Canada annonce avec plaisir un partenariat avec le consortium ERA-NET \u00ab E-Rare-3 \u00bb et sa participation \u00e0 l\u2019Appel transnational mixte de \u00ab Projets europ\u00e9ens de recherche sur les maladies rares \u00bb de 2015. Nous sommes \u00e9galement heureux de travailler en collaboration avec les IRSC, le Fonds de recherche en sant\u00e9 du Qu\u00e9bec et nos [&hellip;]","og_url":"https:\/\/genomecanada.ca\/fr\/appel-transnational-mixte-e-rare-3-2015-projets-de-recherche-transnationaux-sur-les\/","og_site_name":"GenomeCanada","article_published_time":"2015-12-26T08:37:03+00:00","author":"Pierre","twitter_card":"summary_large_image","twitter_misc":{"\u00c9crit par":"Pierre","Dur\u00e9e de lecture estim\u00e9e":"2 minutes"},"schema":{"@context":"https:\/\/schema.org","@graph":[{"@type":"Article","@id":"https:\/\/genomecanada.ca\/fr\/appel-transnational-mixte-e-rare-3-2015-projets-de-recherche-transnationaux-sur-les\/#article","isPartOf":{"@id":"https:\/\/genomecanada.ca\/fr\/appel-transnational-mixte-e-rare-3-2015-projets-de-recherche-transnationaux-sur-les\/"},"author":{"name":"Pierre","@id":"https:\/\/genomecanada.ca\/fr\/#\/schema\/person\/9178d2ca6aca04c78924c5863c96697a"},"headline":"Appel transnational mixte E-Rare-3 (2015) : Projets de recherche transnationaux sur les maladies rares","datePublished":"2015-12-26T08:37:03+00:00","mainEntityOfPage":{"@id":"https:\/\/genomecanada.ca\/fr\/appel-transnational-mixte-e-rare-3-2015-projets-de-recherche-transnationaux-sur-les\/"},"wordCount":491,"publisher":{"@id":"https:\/\/genomecanada.ca\/fr\/#organization"},"articleSection":["News"],"inLanguage":"fr-FR"},{"@type":"WebPage","@id":"https:\/\/genomecanada.ca\/fr\/appel-transnational-mixte-e-rare-3-2015-projets-de-recherche-transnationaux-sur-les\/","url":"https:\/\/genomecanada.ca\/fr\/appel-transnational-mixte-e-rare-3-2015-projets-de-recherche-transnationaux-sur-les\/","name":"Appel transnational mixte E-Rare-3 (2015) : Projets de recherche transnationaux sur les maladies rares - GenomeCanada","isPartOf":{"@id":"https:\/\/genomecanada.ca\/fr\/#website"},"datePublished":"2015-12-26T08:37:03+00:00","breadcrumb":{"@id":"https:\/\/genomecanada.ca\/fr\/appel-transnational-mixte-e-rare-3-2015-projets-de-recherche-transnationaux-sur-les\/#breadcrumb"},"inLanguage":"fr-FR","potentialAction":[{"@type":"ReadAction","target":["https:\/\/genomecanada.ca\/fr\/appel-transnational-mixte-e-rare-3-2015-projets-de-recherche-transnationaux-sur-les\/"]}]},{"@type":"BreadcrumbList","@id":"https:\/\/genomecanada.ca\/fr\/appel-transnational-mixte-e-rare-3-2015-projets-de-recherche-transnationaux-sur-les\/#breadcrumb","itemListElement":[{"@type":"ListItem","position":1,"name":"Home","item":"https:\/\/genomecanada.ca\/fr\/"},{"@type":"ListItem","position":2,"name":"Appel transnational mixte E-Rare-3 (2015) : Projets de recherche transnationaux sur les maladies rares"}]},{"@type":"WebSite","@id":"https:\/\/genomecanada.ca\/fr\/#website","url":"https:\/\/genomecanada.ca\/fr\/","name":"GenomeCanada","description":"Harnessing the transformative power of genomics","publisher":{"@id":"https:\/\/genomecanada.ca\/fr\/#organization"},"potentialAction":[{"@type":"SearchAction","target":{"@type":"EntryPoint","urlTemplate":"https:\/\/genomecanada.ca\/fr\/?s={search_term_string}"},"query-input":{"@type":"PropertyValueSpecification","valueRequired":true,"valueName":"search_term_string"}}],"inLanguage":"fr-FR"},{"@type":"Organization","@id":"https:\/\/genomecanada.ca\/fr\/#organization","name":"GenomeCanada","url":"https:\/\/genomecanada.ca\/fr\/","logo":{"@type":"ImageObject","inLanguage":"fr-FR","@id":"https:\/\/genomecanada.ca\/fr\/#\/schema\/logo\/image\/","url":"https:\/\/genomecanada.ca\/wp-content\/uploads\/2021\/07\/genome-canada_stacked.svg","contentUrl":"https:\/\/genomecanada.ca\/wp-content\/uploads\/2021\/07\/genome-canada_stacked.svg","width":285,"height":180,"caption":"GenomeCanada"},"image":{"@id":"https:\/\/genomecanada.ca\/fr\/#\/schema\/logo\/image\/"}},{"@type":"Person","@id":"https:\/\/genomecanada.ca\/fr\/#\/schema\/person\/9178d2ca6aca04c78924c5863c96697a","name":"Pierre","image":{"@type":"ImageObject","inLanguage":"fr-FR","@id":"https:\/\/secure.gravatar.com\/avatar\/a57e4d6e69393a17b8cd7f6418130969ad93131795406009ba79ed41978382d2?s=96&d=mm&r=g","url":"https:\/\/secure.gravatar.com\/avatar\/a57e4d6e69393a17b8cd7f6418130969ad93131795406009ba79ed41978382d2?s=96&d=mm&r=g","contentUrl":"https:\/\/secure.gravatar.com\/avatar\/a57e4d6e69393a17b8cd7f6418130969ad93131795406009ba79ed41978382d2?s=96&d=mm&r=g","caption":"Pierre"},"url":"https:\/\/genomecanada.ca\/fr\/author\/pierre\/"}]}},"_links":{"self":[{"href":"https:\/\/genomecanada.ca\/fr\/wp-json\/wp\/v2\/posts\/12053","targetHints":{"allow":["GET"]}}],"collection":[{"href":"https:\/\/genomecanada.ca\/fr\/wp-json\/wp\/v2\/posts"}],"about":[{"href":"https:\/\/genomecanada.ca\/fr\/wp-json\/wp\/v2\/types\/post"}],"author":[{"embeddable":true,"href":"https:\/\/genomecanada.ca\/fr\/wp-json\/wp\/v2\/users\/2"}],"replies":[{"embeddable":true,"href":"https:\/\/genomecanada.ca\/fr\/wp-json\/wp\/v2\/comments?post=12053"}],"version-history":[{"count":0,"href":"https:\/\/genomecanada.ca\/fr\/wp-json\/wp\/v2\/posts\/12053\/revisions"}],"wp:attachment":[{"href":"https:\/\/genomecanada.ca\/fr\/wp-json\/wp\/v2\/media?parent=12053"}],"wp:term":[{"taxonomy":"category","embeddable":true,"href":"https:\/\/genomecanada.ca\/fr\/wp-json\/wp\/v2\/categories?post=12053"},{"taxonomy":"post_tag","embeddable":true,"href":"https:\/\/genomecanada.ca\/fr\/wp-json\/wp\/v2\/tags?post=12053"},{"taxonomy":"mission-categories","embeddable":true,"href":"https:\/\/genomecanada.ca\/fr\/wp-json\/wp\/v2\/mission-categories?post=12053"}],"curies":[{"name":"wp","href":"https:\/\/api.w.org\/{rel}","templated":true}]}}