{"id":12054,"date":"2015-12-26T08:38:47","date_gmt":"2015-12-26T08:38:47","guid":{"rendered":"https:\/\/genomecanada.ca\/drupal\/news_release\/genome-canada-se-rejouit-du-renouvellement-de-la-strategie-des-sciences-de-la-technologie\/"},"modified":"2015-12-26T08:38:47","modified_gmt":"2015-12-26T08:38:47","slug":"genome-canada-se-rejouit-du-renouvellement-de-la-strategie-des-sciences-de-la-technologie","status":"publish","type":"post","link":"https:\/\/genomecanada.ca\/fr\/genome-canada-se-rejouit-du-renouvellement-de-la-strategie-des-sciences-de-la-technologie\/","title":{"rendered":"G\u00e9nome Canada se r\u00e9jouit du renouvellement de la strat\u00e9gie des sciences, de la technologie et de l\u2019innovation"},"content":{"rendered":"<p>G\u00e9nome Canada tient \u00e0 rendre hommage au gouvernement du Canada pour sa nouvelle strat\u00e9gie approfondie de 2014 : Un moment \u00e0 saisir pour le Canada \u2013 Aller de l\u2019avant dans le domaine des sciences, des technologies et de l\u2019innovation.<\/p>\n<p>Nous sommes en particulier heureux de voir le gouvernement reconna\u00eetre que les nouvelles technologies, dont la g\u00e9nomique, peuvent transformer notre \u00e9conomie et am\u00e9liorer la qualit\u00e9 de vie des Canadiennes et des Canadiens.<\/p>\n<p>Nous appuyons les domaines de recherche prioritaires pr\u00e9cis\u00e9s, soit les ressources naturelles et l\u2019\u00e9nergie, la sant\u00e9 et les sciences de la vie, les technologies de l\u2019information et des communications, la fabrication de pointe et l\u2019environnement, en particulier l\u2019agriculture. La g\u00e9nomique, une technologie habilitante aux applications multidisciplinaires dans toutes les sph\u00e8res des sciences de la vie, peut contribuer \u00e0 la recherche de solutions dans presque tous ces secteurs.<\/p>\n<p>Le plan strat\u00e9gique quinquennal de G\u00e9nome Canada est en \u00e9troite harmonie avec cette nouvelle strat\u00e9gie des sciences, de la technologie et de l\u2019innovation. Notre ensemble de programmes est con\u00e7u pour appuyer le continuum de recherche, depuis la recherche ax\u00e9e sur les d\u00e9couvertes aux projets orient\u00e9s vers les applications, afin de favoriser l\u2019innovation et la commercialisation.Nous sommes impatients de poursuivre notre travail avec les partenaires du gouvernement f\u00e9d\u00e9ral, des gouvernements provinciaux, des organismes sans but lucratif et du secteur priv\u00e9 afin de promouvoir les buts et les objectifs de la strat\u00e9gie canadienne des sciences, de la technologie et de l\u2019innovation au profit de toute la population canadienne.<\/p>\n","protected":false},"excerpt":{"rendered":"<p>G\u00e9nome Canada tient \u00e0 rendre hommage au gouvernement du Canada pour sa nouvelle strat\u00e9gie approfondie de 2014 : Un moment \u00e0 saisir pour le Canada \u2013 Aller de l\u2019avant dans le domaine des sciences, des technologies et de l\u2019innovation. Nous sommes en particulier heureux de voir le gouvernement reconna\u00eetre que les nouvelles technologies, dont la [&hellip;]<\/p>\n","protected":false},"author":2,"featured_media":0,"comment_status":"closed","ping_status":"closed","sticky":false,"template":"","format":"standard","meta":{"_acf_changed":false,"site-sidebar-layout":"default","site-content-layout":"","ast-site-content-layout":"default","site-content-style":"default","site-sidebar-style":"default","ast-global-header-display":"","ast-banner-title-visibility":"","ast-main-header-display":"","ast-hfb-above-header-display":"","ast-hfb-below-header-display":"","ast-hfb-mobile-header-display":"","site-post-title":"","ast-breadcrumbs-content":"","ast-featured-img":"","footer-sml-layout":"","ast-disable-related-posts":"","theme-transparent-header-meta":"","adv-header-id-meta":"","stick-header-meta":"","header-above-stick-meta":"","header-main-stick-meta":"","header-below-stick-meta":"","astra-migrate-meta-layouts":"default","ast-page-background-enabled":"default","ast-page-background-meta":{"desktop":{"background-color":"","background-image":"","background-repeat":"repeat","background-position":"center center","background-size":"auto","background-attachment":"scroll","background-type":"","background-media":"","overlay-type":"","overlay-color":"","overlay-opacity":"","overlay-gradient":""},"tablet":{"background-color":"","background-image":"","background-repeat":"repeat","background-position":"center center","background-size":"auto","background-attachment":"scroll","background-type":"","background-media":"","overlay-type":"","overlay-color":"","overlay-opacity":"","overlay-gradient":""},"mobile":{"background-color":"","background-image":"","background-repeat":"repeat","background-position":"center center","background-size":"auto","background-attachment":"scroll","background-type":"","background-media":"","overlay-type":"","overlay-color":"","overlay-opacity":"","overlay-gradient":""}},"ast-content-background-meta":{"desktop":{"background-color":"var(--ast-global-color-5)","background-image":"","background-repeat":"repeat","background-position":"center center","background-size":"auto","background-attachment":"scroll","background-type":"","background-media":"","overlay-type":"","overlay-color":"","overlay-opacity":"","overlay-gradient":""},"tablet":{"background-color":"var(--ast-global-color-5)","background-image":"","background-repeat":"repeat","background-position":"center center","background-size":"auto","background-attachment":"scroll","background-type":"","background-media":"","overlay-type":"","overlay-color":"","overlay-opacity":"","overlay-gradient":""},"mobile":{"background-color":"var(--ast-global-color-5)","background-image":"","background-repeat":"repeat","background-position":"center center","background-size":"auto","background-attachment":"scroll","background-type":"","background-media":"","overlay-type":"","overlay-color":"","overlay-opacity":"","overlay-gradient":""}},"footnotes":""},"categories":[127],"tags":[],"mission-categories":[],"class_list":["post-12054","post","type-post","status-publish","format-standard","hentry","category-news-fr"],"acf":[],"yoast_head":"<!-- This site is optimized with the Yoast SEO plugin v27.5 - https:\/\/yoast.com\/product\/yoast-seo-wordpress\/ -->\n<title>G\u00e9nome Canada se r\u00e9jouit du renouvellement de la strat\u00e9gie des sciences, de la technologie et de l\u2019innovation - GenomeCanada<\/title>\n<meta name=\"robots\" content=\"index, follow, max-snippet:-1, max-image-preview:large, max-video-preview:-1\" \/>\n<link rel=\"canonical\" href=\"https:\/\/genomecanada.ca\/fr\/genome-canada-se-rejouit-du-renouvellement-de-la-strategie-des-sciences-de-la-technologie\/\" \/>\n<meta property=\"og:locale\" content=\"fr_FR\" \/>\n<meta property=\"og:type\" content=\"article\" \/>\n<meta property=\"og:title\" content=\"G\u00e9nome Canada se r\u00e9jouit du renouvellement de la strat\u00e9gie des sciences, de la technologie et de l\u2019innovation - GenomeCanada\" \/>\n<meta property=\"og:description\" content=\"G\u00e9nome Canada tient \u00e0 rendre hommage au gouvernement du Canada pour sa nouvelle strat\u00e9gie approfondie de 2014 : Un moment \u00e0 saisir pour le Canada \u2013 Aller de l\u2019avant dans le domaine des sciences, des technologies et de l\u2019innovation. Nous sommes en particulier heureux de voir le gouvernement reconna\u00eetre que les nouvelles technologies, dont la [&hellip;]\" \/>\n<meta property=\"og:url\" content=\"https:\/\/genomecanada.ca\/fr\/genome-canada-se-rejouit-du-renouvellement-de-la-strategie-des-sciences-de-la-technologie\/\" \/>\n<meta property=\"og:site_name\" content=\"GenomeCanada\" \/>\n<meta property=\"article:published_time\" content=\"2015-12-26T08:38:47+00:00\" \/>\n<meta name=\"author\" content=\"Pierre\" \/>\n<meta name=\"twitter:card\" content=\"summary_large_image\" \/>\n<meta name=\"twitter:label1\" content=\"\u00c9crit par\" \/>\n\t<meta name=\"twitter:data1\" content=\"Pierre\" \/>\n\t<meta name=\"twitter:label2\" content=\"Dur\u00e9e de lecture estim\u00e9e\" \/>\n\t<meta name=\"twitter:data2\" content=\"1 minute\" \/>\n<script type=\"application\/ld+json\" class=\"yoast-schema-graph\">{\"@context\":\"https:\\\/\\\/schema.org\",\"@graph\":[{\"@type\":\"Article\",\"@id\":\"https:\\\/\\\/genomecanada.ca\\\/fr\\\/genome-canada-se-rejouit-du-renouvellement-de-la-strategie-des-sciences-de-la-technologie\\\/#article\",\"isPartOf\":{\"@id\":\"https:\\\/\\\/genomecanada.ca\\\/fr\\\/genome-canada-se-rejouit-du-renouvellement-de-la-strategie-des-sciences-de-la-technologie\\\/\"},\"author\":{\"name\":\"Pierre\",\"@id\":\"https:\\\/\\\/genomecanada.ca\\\/fr\\\/#\\\/schema\\\/person\\\/9178d2ca6aca04c78924c5863c96697a\"},\"headline\":\"G\u00e9nome Canada se r\u00e9jouit du renouvellement de la strat\u00e9gie des sciences, de la technologie et de l\u2019innovation\",\"datePublished\":\"2015-12-26T08:38:47+00:00\",\"mainEntityOfPage\":{\"@id\":\"https:\\\/\\\/genomecanada.ca\\\/fr\\\/genome-canada-se-rejouit-du-renouvellement-de-la-strategie-des-sciences-de-la-technologie\\\/\"},\"wordCount\":288,\"publisher\":{\"@id\":\"https:\\\/\\\/genomecanada.ca\\\/fr\\\/#organization\"},\"articleSection\":[\"News\"],\"inLanguage\":\"fr-FR\"},{\"@type\":\"WebPage\",\"@id\":\"https:\\\/\\\/genomecanada.ca\\\/fr\\\/genome-canada-se-rejouit-du-renouvellement-de-la-strategie-des-sciences-de-la-technologie\\\/\",\"url\":\"https:\\\/\\\/genomecanada.ca\\\/fr\\\/genome-canada-se-rejouit-du-renouvellement-de-la-strategie-des-sciences-de-la-technologie\\\/\",\"name\":\"G\u00e9nome Canada se r\u00e9jouit du renouvellement de la strat\u00e9gie des sciences, de la technologie et de l\u2019innovation - GenomeCanada\",\"isPartOf\":{\"@id\":\"https:\\\/\\\/genomecanada.ca\\\/fr\\\/#website\"},\"datePublished\":\"2015-12-26T08:38:47+00:00\",\"breadcrumb\":{\"@id\":\"https:\\\/\\\/genomecanada.ca\\\/fr\\\/genome-canada-se-rejouit-du-renouvellement-de-la-strategie-des-sciences-de-la-technologie\\\/#breadcrumb\"},\"inLanguage\":\"fr-FR\",\"potentialAction\":[{\"@type\":\"ReadAction\",\"target\":[\"https:\\\/\\\/genomecanada.ca\\\/fr\\\/genome-canada-se-rejouit-du-renouvellement-de-la-strategie-des-sciences-de-la-technologie\\\/\"]}]},{\"@type\":\"BreadcrumbList\",\"@id\":\"https:\\\/\\\/genomecanada.ca\\\/fr\\\/genome-canada-se-rejouit-du-renouvellement-de-la-strategie-des-sciences-de-la-technologie\\\/#breadcrumb\",\"itemListElement\":[{\"@type\":\"ListItem\",\"position\":1,\"name\":\"Home\",\"item\":\"https:\\\/\\\/genomecanada.ca\\\/fr\\\/\"},{\"@type\":\"ListItem\",\"position\":2,\"name\":\"G\u00e9nome Canada se r\u00e9jouit du renouvellement de la strat\u00e9gie des sciences, de la technologie et de l\u2019innovation\"}]},{\"@type\":\"WebSite\",\"@id\":\"https:\\\/\\\/genomecanada.ca\\\/fr\\\/#website\",\"url\":\"https:\\\/\\\/genomecanada.ca\\\/fr\\\/\",\"name\":\"GenomeCanada\",\"description\":\"Harnessing the transformative power of genomics\",\"publisher\":{\"@id\":\"https:\\\/\\\/genomecanada.ca\\\/fr\\\/#organization\"},\"potentialAction\":[{\"@type\":\"SearchAction\",\"target\":{\"@type\":\"EntryPoint\",\"urlTemplate\":\"https:\\\/\\\/genomecanada.ca\\\/fr\\\/?s={search_term_string}\"},\"query-input\":{\"@type\":\"PropertyValueSpecification\",\"valueRequired\":true,\"valueName\":\"search_term_string\"}}],\"inLanguage\":\"fr-FR\"},{\"@type\":\"Organization\",\"@id\":\"https:\\\/\\\/genomecanada.ca\\\/fr\\\/#organization\",\"name\":\"GenomeCanada\",\"url\":\"https:\\\/\\\/genomecanada.ca\\\/fr\\\/\",\"logo\":{\"@type\":\"ImageObject\",\"inLanguage\":\"fr-FR\",\"@id\":\"https:\\\/\\\/genomecanada.ca\\\/fr\\\/#\\\/schema\\\/logo\\\/image\\\/\",\"url\":\"https:\\\/\\\/genomecanada.ca\\\/wp-content\\\/uploads\\\/2021\\\/07\\\/genome-canada_stacked.svg\",\"contentUrl\":\"https:\\\/\\\/genomecanada.ca\\\/wp-content\\\/uploads\\\/2021\\\/07\\\/genome-canada_stacked.svg\",\"width\":285,\"height\":180,\"caption\":\"GenomeCanada\"},\"image\":{\"@id\":\"https:\\\/\\\/genomecanada.ca\\\/fr\\\/#\\\/schema\\\/logo\\\/image\\\/\"}},{\"@type\":\"Person\",\"@id\":\"https:\\\/\\\/genomecanada.ca\\\/fr\\\/#\\\/schema\\\/person\\\/9178d2ca6aca04c78924c5863c96697a\",\"name\":\"Pierre\",\"image\":{\"@type\":\"ImageObject\",\"inLanguage\":\"fr-FR\",\"@id\":\"https:\\\/\\\/secure.gravatar.com\\\/avatar\\\/a57e4d6e69393a17b8cd7f6418130969ad93131795406009ba79ed41978382d2?s=96&d=mm&r=g\",\"url\":\"https:\\\/\\\/secure.gravatar.com\\\/avatar\\\/a57e4d6e69393a17b8cd7f6418130969ad93131795406009ba79ed41978382d2?s=96&d=mm&r=g\",\"contentUrl\":\"https:\\\/\\\/secure.gravatar.com\\\/avatar\\\/a57e4d6e69393a17b8cd7f6418130969ad93131795406009ba79ed41978382d2?s=96&d=mm&r=g\",\"caption\":\"Pierre\"},\"url\":\"https:\\\/\\\/genomecanada.ca\\\/fr\\\/author\\\/pierre\\\/\"}]}<\/script>\n<!-- \/ Yoast SEO plugin. -->","yoast_head_json":{"title":"G\u00e9nome Canada se r\u00e9jouit du renouvellement de la strat\u00e9gie des sciences, de la technologie et de l\u2019innovation - GenomeCanada","robots":{"index":"index","follow":"follow","max-snippet":"max-snippet:-1","max-image-preview":"max-image-preview:large","max-video-preview":"max-video-preview:-1"},"canonical":"https:\/\/genomecanada.ca\/fr\/genome-canada-se-rejouit-du-renouvellement-de-la-strategie-des-sciences-de-la-technologie\/","og_locale":"fr_FR","og_type":"article","og_title":"G\u00e9nome Canada se r\u00e9jouit du renouvellement de la strat\u00e9gie des sciences, de la technologie et de l\u2019innovation - GenomeCanada","og_description":"G\u00e9nome Canada tient \u00e0 rendre hommage au gouvernement du Canada pour sa nouvelle strat\u00e9gie approfondie de 2014 : Un moment \u00e0 saisir pour le Canada \u2013 Aller de l\u2019avant dans le domaine des sciences, des technologies et de l\u2019innovation. Nous sommes en particulier heureux de voir le gouvernement reconna\u00eetre que les nouvelles technologies, dont la [&hellip;]","og_url":"https:\/\/genomecanada.ca\/fr\/genome-canada-se-rejouit-du-renouvellement-de-la-strategie-des-sciences-de-la-technologie\/","og_site_name":"GenomeCanada","article_published_time":"2015-12-26T08:38:47+00:00","author":"Pierre","twitter_card":"summary_large_image","twitter_misc":{"\u00c9crit par":"Pierre","Dur\u00e9e de lecture estim\u00e9e":"1 minute"},"schema":{"@context":"https:\/\/schema.org","@graph":[{"@type":"Article","@id":"https:\/\/genomecanada.ca\/fr\/genome-canada-se-rejouit-du-renouvellement-de-la-strategie-des-sciences-de-la-technologie\/#article","isPartOf":{"@id":"https:\/\/genomecanada.ca\/fr\/genome-canada-se-rejouit-du-renouvellement-de-la-strategie-des-sciences-de-la-technologie\/"},"author":{"name":"Pierre","@id":"https:\/\/genomecanada.ca\/fr\/#\/schema\/person\/9178d2ca6aca04c78924c5863c96697a"},"headline":"G\u00e9nome Canada se r\u00e9jouit du renouvellement de la strat\u00e9gie des sciences, de la technologie et de l\u2019innovation","datePublished":"2015-12-26T08:38:47+00:00","mainEntityOfPage":{"@id":"https:\/\/genomecanada.ca\/fr\/genome-canada-se-rejouit-du-renouvellement-de-la-strategie-des-sciences-de-la-technologie\/"},"wordCount":288,"publisher":{"@id":"https:\/\/genomecanada.ca\/fr\/#organization"},"articleSection":["News"],"inLanguage":"fr-FR"},{"@type":"WebPage","@id":"https:\/\/genomecanada.ca\/fr\/genome-canada-se-rejouit-du-renouvellement-de-la-strategie-des-sciences-de-la-technologie\/","url":"https:\/\/genomecanada.ca\/fr\/genome-canada-se-rejouit-du-renouvellement-de-la-strategie-des-sciences-de-la-technologie\/","name":"G\u00e9nome Canada se r\u00e9jouit du renouvellement de la strat\u00e9gie des sciences, de la technologie et de l\u2019innovation - GenomeCanada","isPartOf":{"@id":"https:\/\/genomecanada.ca\/fr\/#website"},"datePublished":"2015-12-26T08:38:47+00:00","breadcrumb":{"@id":"https:\/\/genomecanada.ca\/fr\/genome-canada-se-rejouit-du-renouvellement-de-la-strategie-des-sciences-de-la-technologie\/#breadcrumb"},"inLanguage":"fr-FR","potentialAction":[{"@type":"ReadAction","target":["https:\/\/genomecanada.ca\/fr\/genome-canada-se-rejouit-du-renouvellement-de-la-strategie-des-sciences-de-la-technologie\/"]}]},{"@type":"BreadcrumbList","@id":"https:\/\/genomecanada.ca\/fr\/genome-canada-se-rejouit-du-renouvellement-de-la-strategie-des-sciences-de-la-technologie\/#breadcrumb","itemListElement":[{"@type":"ListItem","position":1,"name":"Home","item":"https:\/\/genomecanada.ca\/fr\/"},{"@type":"ListItem","position":2,"name":"G\u00e9nome Canada se r\u00e9jouit du renouvellement de la strat\u00e9gie des sciences, de la technologie et de l\u2019innovation"}]},{"@type":"WebSite","@id":"https:\/\/genomecanada.ca\/fr\/#website","url":"https:\/\/genomecanada.ca\/fr\/","name":"GenomeCanada","description":"Harnessing the transformative power of genomics","publisher":{"@id":"https:\/\/genomecanada.ca\/fr\/#organization"},"potentialAction":[{"@type":"SearchAction","target":{"@type":"EntryPoint","urlTemplate":"https:\/\/genomecanada.ca\/fr\/?s={search_term_string}"},"query-input":{"@type":"PropertyValueSpecification","valueRequired":true,"valueName":"search_term_string"}}],"inLanguage":"fr-FR"},{"@type":"Organization","@id":"https:\/\/genomecanada.ca\/fr\/#organization","name":"GenomeCanada","url":"https:\/\/genomecanada.ca\/fr\/","logo":{"@type":"ImageObject","inLanguage":"fr-FR","@id":"https:\/\/genomecanada.ca\/fr\/#\/schema\/logo\/image\/","url":"https:\/\/genomecanada.ca\/wp-content\/uploads\/2021\/07\/genome-canada_stacked.svg","contentUrl":"https:\/\/genomecanada.ca\/wp-content\/uploads\/2021\/07\/genome-canada_stacked.svg","width":285,"height":180,"caption":"GenomeCanada"},"image":{"@id":"https:\/\/genomecanada.ca\/fr\/#\/schema\/logo\/image\/"}},{"@type":"Person","@id":"https:\/\/genomecanada.ca\/fr\/#\/schema\/person\/9178d2ca6aca04c78924c5863c96697a","name":"Pierre","image":{"@type":"ImageObject","inLanguage":"fr-FR","@id":"https:\/\/secure.gravatar.com\/avatar\/a57e4d6e69393a17b8cd7f6418130969ad93131795406009ba79ed41978382d2?s=96&d=mm&r=g","url":"https:\/\/secure.gravatar.com\/avatar\/a57e4d6e69393a17b8cd7f6418130969ad93131795406009ba79ed41978382d2?s=96&d=mm&r=g","contentUrl":"https:\/\/secure.gravatar.com\/avatar\/a57e4d6e69393a17b8cd7f6418130969ad93131795406009ba79ed41978382d2?s=96&d=mm&r=g","caption":"Pierre"},"url":"https:\/\/genomecanada.ca\/fr\/author\/pierre\/"}]}},"_links":{"self":[{"href":"https:\/\/genomecanada.ca\/fr\/wp-json\/wp\/v2\/posts\/12054","targetHints":{"allow":["GET"]}}],"collection":[{"href":"https:\/\/genomecanada.ca\/fr\/wp-json\/wp\/v2\/posts"}],"about":[{"href":"https:\/\/genomecanada.ca\/fr\/wp-json\/wp\/v2\/types\/post"}],"author":[{"embeddable":true,"href":"https:\/\/genomecanada.ca\/fr\/wp-json\/wp\/v2\/users\/2"}],"replies":[{"embeddable":true,"href":"https:\/\/genomecanada.ca\/fr\/wp-json\/wp\/v2\/comments?post=12054"}],"version-history":[{"count":0,"href":"https:\/\/genomecanada.ca\/fr\/wp-json\/wp\/v2\/posts\/12054\/revisions"}],"wp:attachment":[{"href":"https:\/\/genomecanada.ca\/fr\/wp-json\/wp\/v2\/media?parent=12054"}],"wp:term":[{"taxonomy":"category","embeddable":true,"href":"https:\/\/genomecanada.ca\/fr\/wp-json\/wp\/v2\/categories?post=12054"},{"taxonomy":"post_tag","embeddable":true,"href":"https:\/\/genomecanada.ca\/fr\/wp-json\/wp\/v2\/tags?post=12054"},{"taxonomy":"mission-categories","embeddable":true,"href":"https:\/\/genomecanada.ca\/fr\/wp-json\/wp\/v2\/mission-categories?post=12054"}],"curies":[{"name":"wp","href":"https:\/\/api.w.org\/{rel}","templated":true}]}}