{"id":12239,"date":"2020-03-20T13:57:00","date_gmt":"2020-03-20T13:57:00","guid":{"rendered":"https:\/\/genomecanada.ca\/drupal\/news_release\/nouvelle-vice-presidente-politique-et-affaires-publiques\/"},"modified":"2020-03-20T13:57:00","modified_gmt":"2020-03-20T13:57:00","slug":"nouvelle-vice-presidente-politique-et-affaires-publiques","status":"publish","type":"post","link":"https:\/\/genomecanada.ca\/fr\/nouvelle-vice-presidente-politique-et-affaires-publiques\/","title":{"rendered":"Nouvelle vice-pr\u00e9sidente, Politique et Affaires publiques"},"content":{"rendered":"<p>G\u00e9nome Canada est heureux d\u2019accueillir M<sup>me<\/sup>&nbsp;Pari Johnston \u00e0 titre de vice-pr\u00e9sidente, Politique et Affaires publiques, \u00e0 compter du 23&nbsp;mars&nbsp;2020.<\/p>\n<p>M<sup>me<\/sup>&nbsp;Johnston utilisera \u00e0 ce poste son expertise et son leadership pour fa\u00e7onner et appuyer l\u2019orientation strat\u00e9gique de G\u00e9nome Canada, tout en faisant valoir l\u2019organisation et sa vision aupr\u00e8s d\u2019intervenants cl\u00e9s.<\/p>\n<p>En tant que membre de l\u2019\u00e9quipe de direction, M<sup>me<\/sup>&nbsp;Johnston jouera un r\u00f4le cl\u00e9 dans l\u2019adoption de la g\u00e9nomique par les personnes \u00e0 l\u2019avant-plan des solutions \u00e0 trouver aux d\u00e9fis de taille en sant\u00e9 humaine et en \u00e9conomie. \u00ab&nbsp;Je suis heureuse de faire partie de l\u2019\u00e9quipe de G\u00e9nome Canada. Maintenant plus que jamais, nous avons besoin de solutions fond\u00e9es sur la science pour r\u00e9soudre les grands probl\u00e8mes sanitaires, sociaux et \u00e9conomiques auxquels font face les Canadiens et le monde, dit-elle. Le travail en partenariat fait partie de mon ADN, et j\u2019ai h\u00e2te de contribuer aux efforts en recherche et en innovation d\u2019\u00c9quipe Canada au cours des prochains mois.&nbsp;\u00bb<\/p>\n<p>M<sup>me<\/sup>&nbsp;Johnston exercera ses fonctions arm\u00e9e d\u2019une compr\u00e9hension profonde du paysage de la recherche et de l\u2019enseignement sup\u00e9rieur au Canada puisqu\u2019elle a occup\u00e9 des postes de haut niveau \u00e0 Universit\u00e9s Canada pendant 20&nbsp;ans. Elle \u00e9tait, jusqu\u2019\u00e0 tout r\u00e9cemment, vice-pr\u00e9sidente, Politique et Affaires publiques de cette organisation o\u00f9 elle assurait l\u2019orientation strat\u00e9gique des programmes concernant la promotion des int\u00e9r\u00eats, la politique et les communications de l\u2019organisation au niveau f\u00e9d\u00e9ral. Tout au long de ces ann\u00e9es \u00e0 Universit\u00e9s Canada, elle a contribu\u00e9 \u00e0 faire de l\u2019organisation un forum national hautement efficace pour les dirigeants universitaires canadiens et \u00e0 mettre en \u0153uvre des strat\u00e9gies et des missions internationales.<\/p>\n<p>M<sup>me<\/sup>&nbsp;Johnston est titulaire d\u2019une ma\u00eetrise en affaires internationales de l\u2019Universit\u00e9 Carleton et d\u2019un baccalaur\u00e9at en litt\u00e9rature fran\u00e7aise de l\u2019Universit\u00e9 de Regina. Elle est une b\u00e9n\u00e9vole passionn\u00e9e dans la communaut\u00e9 aupr\u00e8s de plusieurs initiatives locales et nationales dans les domaines de la sant\u00e9 mentale et du logement pour les jeunes et les adultes autistes. Elle a \u00e9galement fait partie du conseil d\u2019administration fondateur de <em>The Conversation Canada\/La Conversation Canada<\/em>, l\u2019organisation nationale des m\u00e9dias num\u00e9riques pour le journalisme universitaire.<\/p>\n<p class=\"rtecenter\">&#8211; 30 &#8211;<\/p>\n<p><strong>Renseignements&nbsp;aux m\u00e9dias<\/strong><\/p>\n<p>Nicola Katz<br \/>\nDirectrice, Communications<br \/>\nG\u00e9nome Canada<br \/>\nC&nbsp;: 613-297-0267<br \/>\n<a href=\"mailto:nkatz@genomecanada.ca\">nkatz@genomecanada.ca<\/a><\/p>\n","protected":false},"excerpt":{"rendered":"<p>G\u00e9nome Canada est heureux d\u2019accueillir Mme&nbsp;Pari Johnston \u00e0 titre de vice-pr\u00e9sidente, Politique et Affaires publiques, \u00e0 compter du 23&nbsp;mars&nbsp;2020. Mme&nbsp;Johnston utilisera \u00e0 ce poste son expertise et son leadership pour fa\u00e7onner et appuyer l\u2019orientation strat\u00e9gique de G\u00e9nome Canada, tout en faisant valoir l\u2019organisation et sa vision aupr\u00e8s d\u2019intervenants cl\u00e9s. En tant que membre de l\u2019\u00e9quipe [&hellip;]<\/p>\n","protected":false},"author":2,"featured_media":0,"comment_status":"closed","ping_status":"closed","sticky":false,"template":"","format":"standard","meta":{"_acf_changed":false,"site-sidebar-layout":"default","site-content-layout":"","ast-site-content-layout":"default","site-content-style":"default","site-sidebar-style":"default","ast-global-header-display":"","ast-banner-title-visibility":"","ast-main-header-display":"","ast-hfb-above-header-display":"","ast-hfb-below-header-display":"","ast-hfb-mobile-header-display":"","site-post-title":"","ast-breadcrumbs-content":"","ast-featured-img":"","footer-sml-layout":"","ast-disable-related-posts":"","theme-transparent-header-meta":"","adv-header-id-meta":"","stick-header-meta":"","header-above-stick-meta":"","header-main-stick-meta":"","header-below-stick-meta":"","astra-migrate-meta-layouts":"default","ast-page-background-enabled":"default","ast-page-background-meta":{"desktop":{"background-color":"","background-image":"","background-repeat":"repeat","background-position":"center center","background-size":"auto","background-attachment":"scroll","background-type":"","background-media":"","overlay-type":"","overlay-color":"","overlay-opacity":"","overlay-gradient":""},"tablet":{"background-color":"","background-image":"","background-repeat":"repeat","background-position":"center center","background-size":"auto","background-attachment":"scroll","background-type":"","background-media":"","overlay-type":"","overlay-color":"","overlay-opacity":"","overlay-gradient":""},"mobile":{"background-color":"","background-image":"","background-repeat":"repeat","background-position":"center center","background-size":"auto","background-attachment":"scroll","background-type":"","background-media":"","overlay-type":"","overlay-color":"","overlay-opacity":"","overlay-gradient":""}},"ast-content-background-meta":{"desktop":{"background-color":"var(--ast-global-color-5)","background-image":"","background-repeat":"repeat","background-position":"center center","background-size":"auto","background-attachment":"scroll","background-type":"","background-media":"","overlay-type":"","overlay-color":"","overlay-opacity":"","overlay-gradient":""},"tablet":{"background-color":"var(--ast-global-color-5)","background-image":"","background-repeat":"repeat","background-position":"center center","background-size":"auto","background-attachment":"scroll","background-type":"","background-media":"","overlay-type":"","overlay-color":"","overlay-opacity":"","overlay-gradient":""},"mobile":{"background-color":"var(--ast-global-color-5)","background-image":"","background-repeat":"repeat","background-position":"center center","background-size":"auto","background-attachment":"scroll","background-type":"","background-media":"","overlay-type":"","overlay-color":"","overlay-opacity":"","overlay-gradient":""}},"footnotes":""},"categories":[127],"tags":[],"mission-categories":[],"class_list":["post-12239","post","type-post","status-publish","format-standard","hentry","category-news-fr"],"acf":[],"yoast_head":"<!-- This site is optimized with the Yoast SEO plugin v27.5 - https:\/\/yoast.com\/product\/yoast-seo-wordpress\/ -->\n<title>Nouvelle vice-pr\u00e9sidente, Politique et Affaires publiques - GenomeCanada<\/title>\n<meta name=\"robots\" content=\"index, follow, max-snippet:-1, max-image-preview:large, max-video-preview:-1\" \/>\n<link rel=\"canonical\" href=\"https:\/\/genomecanada.ca\/fr\/nouvelle-vice-presidente-politique-et-affaires-publiques\/\" \/>\n<meta property=\"og:locale\" content=\"fr_FR\" \/>\n<meta property=\"og:type\" content=\"article\" \/>\n<meta property=\"og:title\" content=\"Nouvelle vice-pr\u00e9sidente, Politique et Affaires publiques - GenomeCanada\" \/>\n<meta property=\"og:description\" content=\"G\u00e9nome Canada est heureux d\u2019accueillir Mme&nbsp;Pari Johnston \u00e0 titre de vice-pr\u00e9sidente, Politique et Affaires publiques, \u00e0 compter du 23&nbsp;mars&nbsp;2020. Mme&nbsp;Johnston utilisera \u00e0 ce poste son expertise et son leadership pour fa\u00e7onner et appuyer l\u2019orientation strat\u00e9gique de G\u00e9nome Canada, tout en faisant valoir l\u2019organisation et sa vision aupr\u00e8s d\u2019intervenants cl\u00e9s. En tant que membre de l\u2019\u00e9quipe [&hellip;]\" \/>\n<meta property=\"og:url\" content=\"https:\/\/genomecanada.ca\/fr\/nouvelle-vice-presidente-politique-et-affaires-publiques\/\" \/>\n<meta property=\"og:site_name\" content=\"GenomeCanada\" \/>\n<meta property=\"article:published_time\" content=\"2020-03-20T13:57:00+00:00\" \/>\n<meta name=\"author\" content=\"Pierre\" \/>\n<meta name=\"twitter:card\" content=\"summary_large_image\" \/>\n<meta name=\"twitter:label1\" content=\"\u00c9crit par\" \/>\n\t<meta name=\"twitter:data1\" content=\"Pierre\" \/>\n\t<meta name=\"twitter:label2\" content=\"Dur\u00e9e de lecture estim\u00e9e\" \/>\n\t<meta name=\"twitter:data2\" content=\"2 minutes\" \/>\n<script type=\"application\/ld+json\" class=\"yoast-schema-graph\">{\"@context\":\"https:\\\/\\\/schema.org\",\"@graph\":[{\"@type\":\"Article\",\"@id\":\"https:\\\/\\\/genomecanada.ca\\\/fr\\\/nouvelle-vice-presidente-politique-et-affaires-publiques\\\/#article\",\"isPartOf\":{\"@id\":\"https:\\\/\\\/genomecanada.ca\\\/fr\\\/nouvelle-vice-presidente-politique-et-affaires-publiques\\\/\"},\"author\":{\"name\":\"Pierre\",\"@id\":\"https:\\\/\\\/genomecanada.ca\\\/fr\\\/#\\\/schema\\\/person\\\/9178d2ca6aca04c78924c5863c96697a\"},\"headline\":\"Nouvelle vice-pr\u00e9sidente, Politique et Affaires publiques\",\"datePublished\":\"2020-03-20T13:57:00+00:00\",\"mainEntityOfPage\":{\"@id\":\"https:\\\/\\\/genomecanada.ca\\\/fr\\\/nouvelle-vice-presidente-politique-et-affaires-publiques\\\/\"},\"wordCount\":433,\"publisher\":{\"@id\":\"https:\\\/\\\/genomecanada.ca\\\/fr\\\/#organization\"},\"articleSection\":[\"News\"],\"inLanguage\":\"fr-FR\"},{\"@type\":\"WebPage\",\"@id\":\"https:\\\/\\\/genomecanada.ca\\\/fr\\\/nouvelle-vice-presidente-politique-et-affaires-publiques\\\/\",\"url\":\"https:\\\/\\\/genomecanada.ca\\\/fr\\\/nouvelle-vice-presidente-politique-et-affaires-publiques\\\/\",\"name\":\"Nouvelle vice-pr\u00e9sidente, Politique et Affaires publiques - GenomeCanada\",\"isPartOf\":{\"@id\":\"https:\\\/\\\/genomecanada.ca\\\/fr\\\/#website\"},\"datePublished\":\"2020-03-20T13:57:00+00:00\",\"breadcrumb\":{\"@id\":\"https:\\\/\\\/genomecanada.ca\\\/fr\\\/nouvelle-vice-presidente-politique-et-affaires-publiques\\\/#breadcrumb\"},\"inLanguage\":\"fr-FR\",\"potentialAction\":[{\"@type\":\"ReadAction\",\"target\":[\"https:\\\/\\\/genomecanada.ca\\\/fr\\\/nouvelle-vice-presidente-politique-et-affaires-publiques\\\/\"]}]},{\"@type\":\"BreadcrumbList\",\"@id\":\"https:\\\/\\\/genomecanada.ca\\\/fr\\\/nouvelle-vice-presidente-politique-et-affaires-publiques\\\/#breadcrumb\",\"itemListElement\":[{\"@type\":\"ListItem\",\"position\":1,\"name\":\"Home\",\"item\":\"https:\\\/\\\/genomecanada.ca\\\/fr\\\/\"},{\"@type\":\"ListItem\",\"position\":2,\"name\":\"Nouvelle vice-pr\u00e9sidente, Politique et Affaires publiques\"}]},{\"@type\":\"WebSite\",\"@id\":\"https:\\\/\\\/genomecanada.ca\\\/fr\\\/#website\",\"url\":\"https:\\\/\\\/genomecanada.ca\\\/fr\\\/\",\"name\":\"GenomeCanada\",\"description\":\"Harnessing the transformative power of genomics\",\"publisher\":{\"@id\":\"https:\\\/\\\/genomecanada.ca\\\/fr\\\/#organization\"},\"potentialAction\":[{\"@type\":\"SearchAction\",\"target\":{\"@type\":\"EntryPoint\",\"urlTemplate\":\"https:\\\/\\\/genomecanada.ca\\\/fr\\\/?s={search_term_string}\"},\"query-input\":{\"@type\":\"PropertyValueSpecification\",\"valueRequired\":true,\"valueName\":\"search_term_string\"}}],\"inLanguage\":\"fr-FR\"},{\"@type\":\"Organization\",\"@id\":\"https:\\\/\\\/genomecanada.ca\\\/fr\\\/#organization\",\"name\":\"GenomeCanada\",\"url\":\"https:\\\/\\\/genomecanada.ca\\\/fr\\\/\",\"logo\":{\"@type\":\"ImageObject\",\"inLanguage\":\"fr-FR\",\"@id\":\"https:\\\/\\\/genomecanada.ca\\\/fr\\\/#\\\/schema\\\/logo\\\/image\\\/\",\"url\":\"https:\\\/\\\/genomecanada.ca\\\/wp-content\\\/uploads\\\/2021\\\/07\\\/genome-canada_stacked.svg\",\"contentUrl\":\"https:\\\/\\\/genomecanada.ca\\\/wp-content\\\/uploads\\\/2021\\\/07\\\/genome-canada_stacked.svg\",\"width\":285,\"height\":180,\"caption\":\"GenomeCanada\"},\"image\":{\"@id\":\"https:\\\/\\\/genomecanada.ca\\\/fr\\\/#\\\/schema\\\/logo\\\/image\\\/\"}},{\"@type\":\"Person\",\"@id\":\"https:\\\/\\\/genomecanada.ca\\\/fr\\\/#\\\/schema\\\/person\\\/9178d2ca6aca04c78924c5863c96697a\",\"name\":\"Pierre\",\"image\":{\"@type\":\"ImageObject\",\"inLanguage\":\"fr-FR\",\"@id\":\"https:\\\/\\\/secure.gravatar.com\\\/avatar\\\/a57e4d6e69393a17b8cd7f6418130969ad93131795406009ba79ed41978382d2?s=96&d=mm&r=g\",\"url\":\"https:\\\/\\\/secure.gravatar.com\\\/avatar\\\/a57e4d6e69393a17b8cd7f6418130969ad93131795406009ba79ed41978382d2?s=96&d=mm&r=g\",\"contentUrl\":\"https:\\\/\\\/secure.gravatar.com\\\/avatar\\\/a57e4d6e69393a17b8cd7f6418130969ad93131795406009ba79ed41978382d2?s=96&d=mm&r=g\",\"caption\":\"Pierre\"},\"url\":\"https:\\\/\\\/genomecanada.ca\\\/fr\\\/author\\\/pierre\\\/\"}]}<\/script>\n<!-- \/ Yoast SEO plugin. -->","yoast_head_json":{"title":"Nouvelle vice-pr\u00e9sidente, Politique et Affaires publiques - GenomeCanada","robots":{"index":"index","follow":"follow","max-snippet":"max-snippet:-1","max-image-preview":"max-image-preview:large","max-video-preview":"max-video-preview:-1"},"canonical":"https:\/\/genomecanada.ca\/fr\/nouvelle-vice-presidente-politique-et-affaires-publiques\/","og_locale":"fr_FR","og_type":"article","og_title":"Nouvelle vice-pr\u00e9sidente, Politique et Affaires publiques - GenomeCanada","og_description":"G\u00e9nome Canada est heureux d\u2019accueillir Mme&nbsp;Pari Johnston \u00e0 titre de vice-pr\u00e9sidente, Politique et Affaires publiques, \u00e0 compter du 23&nbsp;mars&nbsp;2020. Mme&nbsp;Johnston utilisera \u00e0 ce poste son expertise et son leadership pour fa\u00e7onner et appuyer l\u2019orientation strat\u00e9gique de G\u00e9nome Canada, tout en faisant valoir l\u2019organisation et sa vision aupr\u00e8s d\u2019intervenants cl\u00e9s. En tant que membre de l\u2019\u00e9quipe [&hellip;]","og_url":"https:\/\/genomecanada.ca\/fr\/nouvelle-vice-presidente-politique-et-affaires-publiques\/","og_site_name":"GenomeCanada","article_published_time":"2020-03-20T13:57:00+00:00","author":"Pierre","twitter_card":"summary_large_image","twitter_misc":{"\u00c9crit par":"Pierre","Dur\u00e9e de lecture estim\u00e9e":"2 minutes"},"schema":{"@context":"https:\/\/schema.org","@graph":[{"@type":"Article","@id":"https:\/\/genomecanada.ca\/fr\/nouvelle-vice-presidente-politique-et-affaires-publiques\/#article","isPartOf":{"@id":"https:\/\/genomecanada.ca\/fr\/nouvelle-vice-presidente-politique-et-affaires-publiques\/"},"author":{"name":"Pierre","@id":"https:\/\/genomecanada.ca\/fr\/#\/schema\/person\/9178d2ca6aca04c78924c5863c96697a"},"headline":"Nouvelle vice-pr\u00e9sidente, Politique et Affaires publiques","datePublished":"2020-03-20T13:57:00+00:00","mainEntityOfPage":{"@id":"https:\/\/genomecanada.ca\/fr\/nouvelle-vice-presidente-politique-et-affaires-publiques\/"},"wordCount":433,"publisher":{"@id":"https:\/\/genomecanada.ca\/fr\/#organization"},"articleSection":["News"],"inLanguage":"fr-FR"},{"@type":"WebPage","@id":"https:\/\/genomecanada.ca\/fr\/nouvelle-vice-presidente-politique-et-affaires-publiques\/","url":"https:\/\/genomecanada.ca\/fr\/nouvelle-vice-presidente-politique-et-affaires-publiques\/","name":"Nouvelle vice-pr\u00e9sidente, Politique et Affaires publiques - GenomeCanada","isPartOf":{"@id":"https:\/\/genomecanada.ca\/fr\/#website"},"datePublished":"2020-03-20T13:57:00+00:00","breadcrumb":{"@id":"https:\/\/genomecanada.ca\/fr\/nouvelle-vice-presidente-politique-et-affaires-publiques\/#breadcrumb"},"inLanguage":"fr-FR","potentialAction":[{"@type":"ReadAction","target":["https:\/\/genomecanada.ca\/fr\/nouvelle-vice-presidente-politique-et-affaires-publiques\/"]}]},{"@type":"BreadcrumbList","@id":"https:\/\/genomecanada.ca\/fr\/nouvelle-vice-presidente-politique-et-affaires-publiques\/#breadcrumb","itemListElement":[{"@type":"ListItem","position":1,"name":"Home","item":"https:\/\/genomecanada.ca\/fr\/"},{"@type":"ListItem","position":2,"name":"Nouvelle vice-pr\u00e9sidente, Politique et Affaires publiques"}]},{"@type":"WebSite","@id":"https:\/\/genomecanada.ca\/fr\/#website","url":"https:\/\/genomecanada.ca\/fr\/","name":"GenomeCanada","description":"Harnessing the transformative power of genomics","publisher":{"@id":"https:\/\/genomecanada.ca\/fr\/#organization"},"potentialAction":[{"@type":"SearchAction","target":{"@type":"EntryPoint","urlTemplate":"https:\/\/genomecanada.ca\/fr\/?s={search_term_string}"},"query-input":{"@type":"PropertyValueSpecification","valueRequired":true,"valueName":"search_term_string"}}],"inLanguage":"fr-FR"},{"@type":"Organization","@id":"https:\/\/genomecanada.ca\/fr\/#organization","name":"GenomeCanada","url":"https:\/\/genomecanada.ca\/fr\/","logo":{"@type":"ImageObject","inLanguage":"fr-FR","@id":"https:\/\/genomecanada.ca\/fr\/#\/schema\/logo\/image\/","url":"https:\/\/genomecanada.ca\/wp-content\/uploads\/2021\/07\/genome-canada_stacked.svg","contentUrl":"https:\/\/genomecanada.ca\/wp-content\/uploads\/2021\/07\/genome-canada_stacked.svg","width":285,"height":180,"caption":"GenomeCanada"},"image":{"@id":"https:\/\/genomecanada.ca\/fr\/#\/schema\/logo\/image\/"}},{"@type":"Person","@id":"https:\/\/genomecanada.ca\/fr\/#\/schema\/person\/9178d2ca6aca04c78924c5863c96697a","name":"Pierre","image":{"@type":"ImageObject","inLanguage":"fr-FR","@id":"https:\/\/secure.gravatar.com\/avatar\/a57e4d6e69393a17b8cd7f6418130969ad93131795406009ba79ed41978382d2?s=96&d=mm&r=g","url":"https:\/\/secure.gravatar.com\/avatar\/a57e4d6e69393a17b8cd7f6418130969ad93131795406009ba79ed41978382d2?s=96&d=mm&r=g","contentUrl":"https:\/\/secure.gravatar.com\/avatar\/a57e4d6e69393a17b8cd7f6418130969ad93131795406009ba79ed41978382d2?s=96&d=mm&r=g","caption":"Pierre"},"url":"https:\/\/genomecanada.ca\/fr\/author\/pierre\/"}]}},"_links":{"self":[{"href":"https:\/\/genomecanada.ca\/fr\/wp-json\/wp\/v2\/posts\/12239","targetHints":{"allow":["GET"]}}],"collection":[{"href":"https:\/\/genomecanada.ca\/fr\/wp-json\/wp\/v2\/posts"}],"about":[{"href":"https:\/\/genomecanada.ca\/fr\/wp-json\/wp\/v2\/types\/post"}],"author":[{"embeddable":true,"href":"https:\/\/genomecanada.ca\/fr\/wp-json\/wp\/v2\/users\/2"}],"replies":[{"embeddable":true,"href":"https:\/\/genomecanada.ca\/fr\/wp-json\/wp\/v2\/comments?post=12239"}],"version-history":[{"count":0,"href":"https:\/\/genomecanada.ca\/fr\/wp-json\/wp\/v2\/posts\/12239\/revisions"}],"wp:attachment":[{"href":"https:\/\/genomecanada.ca\/fr\/wp-json\/wp\/v2\/media?parent=12239"}],"wp:term":[{"taxonomy":"category","embeddable":true,"href":"https:\/\/genomecanada.ca\/fr\/wp-json\/wp\/v2\/categories?post=12239"},{"taxonomy":"post_tag","embeddable":true,"href":"https:\/\/genomecanada.ca\/fr\/wp-json\/wp\/v2\/tags?post=12239"},{"taxonomy":"mission-categories","embeddable":true,"href":"https:\/\/genomecanada.ca\/fr\/wp-json\/wp\/v2\/mission-categories?post=12239"}],"curies":[{"name":"wp","href":"https:\/\/api.w.org\/{rel}","templated":true}]}}