{"id":12251,"date":"2020-06-22T12:49:00","date_gmt":"2020-06-22T12:49:00","guid":{"rendered":"https:\/\/genomecanada.ca\/drupal\/news_release\/nouvelle-directrice-executive-rcangeco\/"},"modified":"2022-05-05T15:49:39","modified_gmt":"2022-05-05T19:49:39","slug":"nouvelle-directrice-executive-rcangeco","status":"publish","type":"post","link":"https:\/\/genomecanada.ca\/fr\/nouvelle-directrice-executive-rcangeco\/","title":{"rendered":"Nouvelle directrice ex\u00e9cutive, RCanG\u00e9CO"},"content":{"rendered":"<p><img fetchpriority=\"high\" decoding=\"async\" class=\" alignright size-full wp-image-1717\" style=\"width: 300px; height: 235px; float: right; margin: 5px;\" src=\"https:\/\/genomecanada.ca\/drupal\/wp-content\/uploads\/2020\/06\/photo-catalina_lopez-correa.jpg\" alt=\"\" width=\"300\" height=\"235\" \/>G\u00e9nome Canada est heureux d\u2019accueillir la D<sup>re<\/sup> Catalina Lopez-Correa\u00a0\u00e0 titre de directrice ex\u00e9cutive du R\u00e9seau canadien de g\u00e9nomique\u00a0COVID-19 (RCanG\u00e9CO) \u00e0 compter du 22\u00a0juin\u00a02020.<\/p>\n<p>La D<sup>re\u00a0<\/sup>Lopez-Correa qui se joint maintenant \u00e0 l\u2019\u00e9quipe de G\u00e9nome Canada, poss\u00e8de plus de 20\u00a0ans d\u2019exp\u00e9rience internationale acquise tant dans les milieux universitaires que dans le secteur priv\u00e9, de m\u00eame qu\u2019une profonde compr\u00e9hension de la g\u00e9nomique et de l\u2019innovation qui ont incit\u00e9 les chefs de file des sciences et de l\u2019industrie \u00e0 collaborer pour r\u00e9soudre certains des plus grands d\u00e9fis mondiaux.<\/p>\n<p>Derni\u00e8rement, elle \u00e9tait directrice g\u00e9n\u00e9rale chez Ruta N Medellin o\u00f9 elle a coordonn\u00e9 les activit\u00e9s d\u2019un carrefour d\u2019innovation d\u2019envergure mondiale qui utilise des technologies et des approches avant-gardistes pour r\u00e9soudre certains des probl\u00e8mes sociaux et \u00e9conomiques de la ville. Pr\u00e9c\u00e9demment, la D<sup>re<\/sup>\u00a0Lopez-Correa a \u00e9t\u00e9 dirigeante scientifique en chef et vice-pr\u00e9sidente des secteurs \u00e0 Genome British Columbia (2016-2019) et dirigeante scientifique en chef et vice-pr\u00e9sidente des Affaires scientifiques \u00e0 G\u00e9nome Qu\u00e9bec (2008-2015) o\u00f9 elle a contribu\u00e9 \u00e0 la cr\u00e9ation d\u2019\u00e9quipes concurrentielles en pr\u00e9vision d\u2019initiatives nationales et provinciales de recherche et d\u2019innovation qui donnent de la visibilit\u00e9 \u00e0 la g\u00e9nomique canadienne sur la sc\u00e8ne internationale.<\/p>\n<p>Dans son nouveau r\u00f4le, la D<sup>re<\/sup> Lopez-Correa aidera \u00e0 assurer la direction strat\u00e9gique du RCanG\u00e9CO au cours des deux prochaines ann\u00e9es. \u00ab\u00a0Je suis convaincu que les atouts consid\u00e9rables de Catalina pour ce qui est d\u2019\u00e9tablir des liens, de m\u00eame que sa profonde connaissance de la g\u00e9nomique, de l\u2019entreprise de la g\u00e9nomique et du Canada constitueront un avantage incroyable pour les progr\u00e8s de cette initiative, a dit Rob Annan, Ph. D., pr\u00e9sident et chef de la direction de G\u00e9nome Canda. Je ne pourrais \u00eatre plus heureux de l\u2019accueillir de nouveau dans notre communaut\u00e9.\u00a0\u00bb<\/p>\n<p>Avant de devenir l\u2019une des grandes d\u00e9fenseures de la g\u00e9nomique du Canada et une chef de file internationale de l\u2019utilisation de l\u2019innovation pour r\u00e9soudre des probl\u00e8mes mondiaux, elle a occup\u00e9 des postes de recherche de haut niveau chez Eli Lilly Pharmaceuticals aux \u00c9tats-Unis, au laboratoire de deCODE Genetics en Islande et dans deux soci\u00e9t\u00e9s de biotechnologie du Royaume-Uni, Genomica et Informax.<\/p>\n<p>Dans le cadre de son engagement en faveur du d\u00e9veloppement international, la D<sup>re<\/sup> Lopez-Correa a d\u00e9fendu plusieurs initiatives qui visaient \u00e0 montrer l\u2019influence de la g\u00e9nomique et de l\u2019innovation dans les pays en d\u00e9veloppement. Elle est enti\u00e8rement engag\u00e9e dans la promotion de l\u2019\u00e9quit\u00e9, de la diversit\u00e9 et de l\u2019inclusion, en particulier l\u2019\u00e9quit\u00e9 entre les sexes en sciences, ce qui l\u2019a men\u00e9e \u00e0 devenir cofondatrice du r\u00e9seau IWS (Immigrant and International Women in Science).<\/p>\n<p>Elle a re\u00e7u en 2017 la m\u00e9daille du 150<sup>e<\/sup> anniversaire du S\u00e9nat du Canada et en 2013, la m\u00e9daille d\u2019officier de l\u2019Ordre national du m\u00e9rite, nomm\u00e9e par l\u2019honorable pr\u00e9sident de la R\u00e9publique de Colombie. En 2012, elle a \u00e9t\u00e9 reconnue comme l\u2019une des 100 Colombiens vivant \u00e0 l\u2019\u00e9tranger qui ont une carri\u00e8re professionnelle des plus r\u00e9ussie.<\/p>\n<p>La D<sup>re<\/sup> Lopez-Correa est titulaire d\u2019un dipl\u00f4me en m\u00e9decine de l\u2019Universit\u00e9 \u00ab\u00a0Pontifica Bolivariana\u00a0\u00bb de Colombie, d\u2019une ma\u00eetrise en g\u00e9n\u00e9tique humaine de l\u2019Universit\u00e9 Paris V en France, d\u2019un doctorat en biosciences m\u00e9dicales de l\u2019Universit\u00e9 catholique de Leuven, en Belgique. Elle a \u00e9galement fait le programme Mini-MBA de l\u2019Universit\u00e9 McGill, au Canada, ainsi qu\u2019une formation en direction de l\u2019innovation \u00e0 la Singularity University.<\/p>\n<p class=\"rtecenter\">&#8211; 30 &#8211;<\/p>\n<p><strong>Renseignements\u00a0aux m\u00e9dias<\/strong><\/p>\n<p>Nicola Katz<br \/>\nDirectrice, Communications<br \/>\nG\u00e9nome Canada<br \/>\nC\u00a0: 613-297-0267<br \/>\n<a href=\"mailto:nkatz@genomecanada.ca\">nkatz@genomecanada.ca<\/a><\/p>\n<p>&nbsp;<\/p>\n<hr \/>\n<p>Le 4 ao\u00fbt 2021, G\u00e9nome Canada a annonc\u00e9 la nomination de la D<sup>re<\/sup>\u00a0Lopez-Correa au poste de dirigeante scientifique en chef.\u00a0Dans le nouveau r\u00f4le qu\u2019elle jouera dans l\u2019\u00e9quipe de la haute direction de G\u00e9nome Canada, la D<sup>re<\/sup> Lopez-Correa dirigera l\u2019ex\u00e9cution des missions bas\u00e9es sur la g\u00e9nomique et aura la responsabilit\u00e9, au niveau de la direction, de l\u2019expertise et du leadership scientifiques pour l\u2019organisation dans son ensemble. Il lui appartiendra \u00e9galement d\u2019\u00e9tablir des liens avec les r\u00e9seaux pancanadiens et internationaux d\u2019intervenants scientifiques.<\/p>\n<hr \/>\n<p>&nbsp;<\/p>\n","protected":false},"excerpt":{"rendered":"<p>G\u00e9nome Canada est heureux d\u2019accueillir la Dre Catalina Lopez-Correa\u00a0\u00e0 titre de directrice ex\u00e9cutive du R\u00e9seau canadien de g\u00e9nomique\u00a0COVID-19 (RCanG\u00e9CO) \u00e0 compter du 22\u00a0juin\u00a02020. La Dre\u00a0Lopez-Correa qui se joint maintenant \u00e0 l\u2019\u00e9quipe de G\u00e9nome Canada, poss\u00e8de plus de 20\u00a0ans d\u2019exp\u00e9rience internationale acquise tant dans les milieux universitaires que dans le secteur priv\u00e9, de m\u00eame qu\u2019une profonde [&hellip;]<\/p>\n","protected":false},"author":2,"featured_media":0,"comment_status":"closed","ping_status":"closed","sticky":false,"template":"","format":"standard","meta":{"_acf_changed":false,"site-sidebar-layout":"default","site-content-layout":"default","ast-site-content-layout":"default","site-content-style":"default","site-sidebar-style":"default","ast-global-header-display":"","ast-banner-title-visibility":"","ast-main-header-display":"","ast-hfb-above-header-display":"","ast-hfb-below-header-display":"","ast-hfb-mobile-header-display":"","site-post-title":"","ast-breadcrumbs-content":"","ast-featured-img":"","footer-sml-layout":"","ast-disable-related-posts":"","theme-transparent-header-meta":"default","adv-header-id-meta":"","stick-header-meta":"","header-above-stick-meta":"","header-main-stick-meta":"","header-below-stick-meta":"","astra-migrate-meta-layouts":"default","ast-page-background-enabled":"default","ast-page-background-meta":{"desktop":{"background-color":"","background-image":"","background-repeat":"repeat","background-position":"center center","background-size":"auto","background-attachment":"scroll","background-type":"","background-media":"","overlay-type":"","overlay-color":"","overlay-opacity":"","overlay-gradient":""},"tablet":{"background-color":"","background-image":"","background-repeat":"repeat","background-position":"center center","background-size":"auto","background-attachment":"scroll","background-type":"","background-media":"","overlay-type":"","overlay-color":"","overlay-opacity":"","overlay-gradient":""},"mobile":{"background-color":"","background-image":"","background-repeat":"repeat","background-position":"center center","background-size":"auto","background-attachment":"scroll","background-type":"","background-media":"","overlay-type":"","overlay-color":"","overlay-opacity":"","overlay-gradient":""}},"ast-content-background-meta":{"desktop":{"background-color":"var(--ast-global-color-5)","background-image":"","background-repeat":"repeat","background-position":"center center","background-size":"auto","background-attachment":"scroll","background-type":"","background-media":"","overlay-type":"","overlay-color":"","overlay-opacity":"","overlay-gradient":""},"tablet":{"background-color":"var(--ast-global-color-5)","background-image":"","background-repeat":"repeat","background-position":"center center","background-size":"auto","background-attachment":"scroll","background-type":"","background-media":"","overlay-type":"","overlay-color":"","overlay-opacity":"","overlay-gradient":""},"mobile":{"background-color":"var(--ast-global-color-5)","background-image":"","background-repeat":"repeat","background-position":"center center","background-size":"auto","background-attachment":"scroll","background-type":"","background-media":"","overlay-type":"","overlay-color":"","overlay-opacity":"","overlay-gradient":""}},"footnotes":""},"categories":[141,127],"tags":[],"mission-categories":[159,160],"class_list":["post-12251","post","type-post","status-publish","format-standard","hentry","category-general-fr","category-news-fr","mission-categories-cancogen-fr","mission-categories-sante"],"acf":[],"yoast_head":"<!-- This site is optimized with the Yoast SEO plugin v27.5 - https:\/\/yoast.com\/product\/yoast-seo-wordpress\/ -->\n<title>Nouvelle directrice ex\u00e9cutive, RCanG\u00e9CO - GenomeCanada<\/title>\n<meta name=\"robots\" content=\"index, follow, max-snippet:-1, max-image-preview:large, max-video-preview:-1\" \/>\n<link rel=\"canonical\" href=\"https:\/\/genomecanada.ca\/fr\/nouvelle-directrice-executive-rcangeco\/\" \/>\n<meta property=\"og:locale\" content=\"fr_FR\" \/>\n<meta property=\"og:type\" content=\"article\" \/>\n<meta property=\"og:title\" content=\"Nouvelle directrice ex\u00e9cutive, RCanG\u00e9CO - GenomeCanada\" \/>\n<meta property=\"og:description\" content=\"G\u00e9nome Canada est heureux d\u2019accueillir la Dre Catalina Lopez-Correa\u00a0\u00e0 titre de directrice ex\u00e9cutive du R\u00e9seau canadien de g\u00e9nomique\u00a0COVID-19 (RCanG\u00e9CO) \u00e0 compter du 22\u00a0juin\u00a02020. La Dre\u00a0Lopez-Correa qui se joint maintenant \u00e0 l\u2019\u00e9quipe de G\u00e9nome Canada, poss\u00e8de plus de 20\u00a0ans d\u2019exp\u00e9rience internationale acquise tant dans les milieux universitaires que dans le secteur priv\u00e9, de m\u00eame qu\u2019une profonde [&hellip;]\" \/>\n<meta property=\"og:url\" content=\"https:\/\/genomecanada.ca\/fr\/nouvelle-directrice-executive-rcangeco\/\" \/>\n<meta property=\"og:site_name\" content=\"GenomeCanada\" \/>\n<meta property=\"article:published_time\" content=\"2020-06-22T12:49:00+00:00\" \/>\n<meta property=\"article:modified_time\" content=\"2022-05-05T19:49:39+00:00\" \/>\n<meta property=\"og:image\" content=\"https:\/\/genomecanada.ca\/drupal\/wp-content\/uploads\/2020\/06\/photo-catalina_lopez-correa.jpg\" \/>\n<meta name=\"author\" content=\"Pierre\" \/>\n<meta name=\"twitter:card\" content=\"summary_large_image\" \/>\n<meta name=\"twitter:label1\" content=\"\u00c9crit par\" \/>\n\t<meta name=\"twitter:data1\" content=\"Pierre\" \/>\n\t<meta name=\"twitter:label2\" content=\"Dur\u00e9e de lecture estim\u00e9e\" \/>\n\t<meta name=\"twitter:data2\" content=\"4 minutes\" \/>\n<script type=\"application\/ld+json\" class=\"yoast-schema-graph\">{\"@context\":\"https:\\\/\\\/schema.org\",\"@graph\":[{\"@type\":\"Article\",\"@id\":\"https:\\\/\\\/genomecanada.ca\\\/fr\\\/nouvelle-directrice-executive-rcangeco\\\/#article\",\"isPartOf\":{\"@id\":\"https:\\\/\\\/genomecanada.ca\\\/fr\\\/nouvelle-directrice-executive-rcangeco\\\/\"},\"author\":{\"name\":\"Pierre\",\"@id\":\"https:\\\/\\\/genomecanada.ca\\\/fr\\\/#\\\/schema\\\/person\\\/9178d2ca6aca04c78924c5863c96697a\"},\"headline\":\"Nouvelle directrice ex\u00e9cutive, RCanG\u00e9CO\",\"datePublished\":\"2020-06-22T12:49:00+00:00\",\"dateModified\":\"2022-05-05T19:49:39+00:00\",\"mainEntityOfPage\":{\"@id\":\"https:\\\/\\\/genomecanada.ca\\\/fr\\\/nouvelle-directrice-executive-rcangeco\\\/\"},\"wordCount\":747,\"publisher\":{\"@id\":\"https:\\\/\\\/genomecanada.ca\\\/fr\\\/#organization\"},\"image\":{\"@id\":\"https:\\\/\\\/genomecanada.ca\\\/fr\\\/nouvelle-directrice-executive-rcangeco\\\/#primaryimage\"},\"thumbnailUrl\":\"https:\\\/\\\/genomecanada.ca\\\/drupal\\\/wp-content\\\/uploads\\\/2020\\\/06\\\/photo-catalina_lopez-correa.jpg\",\"articleSection\":[\"G\u00e9n\u00e9ral\",\"News\"],\"inLanguage\":\"fr-FR\"},{\"@type\":\"WebPage\",\"@id\":\"https:\\\/\\\/genomecanada.ca\\\/fr\\\/nouvelle-directrice-executive-rcangeco\\\/\",\"url\":\"https:\\\/\\\/genomecanada.ca\\\/fr\\\/nouvelle-directrice-executive-rcangeco\\\/\",\"name\":\"Nouvelle directrice ex\u00e9cutive, RCanG\u00e9CO - GenomeCanada\",\"isPartOf\":{\"@id\":\"https:\\\/\\\/genomecanada.ca\\\/fr\\\/#website\"},\"primaryImageOfPage\":{\"@id\":\"https:\\\/\\\/genomecanada.ca\\\/fr\\\/nouvelle-directrice-executive-rcangeco\\\/#primaryimage\"},\"image\":{\"@id\":\"https:\\\/\\\/genomecanada.ca\\\/fr\\\/nouvelle-directrice-executive-rcangeco\\\/#primaryimage\"},\"thumbnailUrl\":\"https:\\\/\\\/genomecanada.ca\\\/drupal\\\/wp-content\\\/uploads\\\/2020\\\/06\\\/photo-catalina_lopez-correa.jpg\",\"datePublished\":\"2020-06-22T12:49:00+00:00\",\"dateModified\":\"2022-05-05T19:49:39+00:00\",\"breadcrumb\":{\"@id\":\"https:\\\/\\\/genomecanada.ca\\\/fr\\\/nouvelle-directrice-executive-rcangeco\\\/#breadcrumb\"},\"inLanguage\":\"fr-FR\",\"potentialAction\":[{\"@type\":\"ReadAction\",\"target\":[\"https:\\\/\\\/genomecanada.ca\\\/fr\\\/nouvelle-directrice-executive-rcangeco\\\/\"]}]},{\"@type\":\"ImageObject\",\"inLanguage\":\"fr-FR\",\"@id\":\"https:\\\/\\\/genomecanada.ca\\\/fr\\\/nouvelle-directrice-executive-rcangeco\\\/#primaryimage\",\"url\":\"https:\\\/\\\/genomecanada.ca\\\/drupal\\\/wp-content\\\/uploads\\\/2020\\\/06\\\/photo-catalina_lopez-correa.jpg\",\"contentUrl\":\"https:\\\/\\\/genomecanada.ca\\\/drupal\\\/wp-content\\\/uploads\\\/2020\\\/06\\\/photo-catalina_lopez-correa.jpg\"},{\"@type\":\"BreadcrumbList\",\"@id\":\"https:\\\/\\\/genomecanada.ca\\\/fr\\\/nouvelle-directrice-executive-rcangeco\\\/#breadcrumb\",\"itemListElement\":[{\"@type\":\"ListItem\",\"position\":1,\"name\":\"Home\",\"item\":\"https:\\\/\\\/genomecanada.ca\\\/fr\\\/\"},{\"@type\":\"ListItem\",\"position\":2,\"name\":\"Nouvelle directrice ex\u00e9cutive, RCanG\u00e9CO\"}]},{\"@type\":\"WebSite\",\"@id\":\"https:\\\/\\\/genomecanada.ca\\\/fr\\\/#website\",\"url\":\"https:\\\/\\\/genomecanada.ca\\\/fr\\\/\",\"name\":\"GenomeCanada\",\"description\":\"Harnessing the transformative power of genomics\",\"publisher\":{\"@id\":\"https:\\\/\\\/genomecanada.ca\\\/fr\\\/#organization\"},\"potentialAction\":[{\"@type\":\"SearchAction\",\"target\":{\"@type\":\"EntryPoint\",\"urlTemplate\":\"https:\\\/\\\/genomecanada.ca\\\/fr\\\/?s={search_term_string}\"},\"query-input\":{\"@type\":\"PropertyValueSpecification\",\"valueRequired\":true,\"valueName\":\"search_term_string\"}}],\"inLanguage\":\"fr-FR\"},{\"@type\":\"Organization\",\"@id\":\"https:\\\/\\\/genomecanada.ca\\\/fr\\\/#organization\",\"name\":\"GenomeCanada\",\"url\":\"https:\\\/\\\/genomecanada.ca\\\/fr\\\/\",\"logo\":{\"@type\":\"ImageObject\",\"inLanguage\":\"fr-FR\",\"@id\":\"https:\\\/\\\/genomecanada.ca\\\/fr\\\/#\\\/schema\\\/logo\\\/image\\\/\",\"url\":\"https:\\\/\\\/genomecanada.ca\\\/wp-content\\\/uploads\\\/2021\\\/07\\\/genome-canada_stacked.svg\",\"contentUrl\":\"https:\\\/\\\/genomecanada.ca\\\/wp-content\\\/uploads\\\/2021\\\/07\\\/genome-canada_stacked.svg\",\"width\":285,\"height\":180,\"caption\":\"GenomeCanada\"},\"image\":{\"@id\":\"https:\\\/\\\/genomecanada.ca\\\/fr\\\/#\\\/schema\\\/logo\\\/image\\\/\"}},{\"@type\":\"Person\",\"@id\":\"https:\\\/\\\/genomecanada.ca\\\/fr\\\/#\\\/schema\\\/person\\\/9178d2ca6aca04c78924c5863c96697a\",\"name\":\"Pierre\",\"image\":{\"@type\":\"ImageObject\",\"inLanguage\":\"fr-FR\",\"@id\":\"https:\\\/\\\/secure.gravatar.com\\\/avatar\\\/a57e4d6e69393a17b8cd7f6418130969ad93131795406009ba79ed41978382d2?s=96&d=mm&r=g\",\"url\":\"https:\\\/\\\/secure.gravatar.com\\\/avatar\\\/a57e4d6e69393a17b8cd7f6418130969ad93131795406009ba79ed41978382d2?s=96&d=mm&r=g\",\"contentUrl\":\"https:\\\/\\\/secure.gravatar.com\\\/avatar\\\/a57e4d6e69393a17b8cd7f6418130969ad93131795406009ba79ed41978382d2?s=96&d=mm&r=g\",\"caption\":\"Pierre\"},\"url\":\"https:\\\/\\\/genomecanada.ca\\\/fr\\\/author\\\/pierre\\\/\"}]}<\/script>\n<!-- \/ Yoast SEO plugin. -->","yoast_head_json":{"title":"Nouvelle directrice ex\u00e9cutive, RCanG\u00e9CO - GenomeCanada","robots":{"index":"index","follow":"follow","max-snippet":"max-snippet:-1","max-image-preview":"max-image-preview:large","max-video-preview":"max-video-preview:-1"},"canonical":"https:\/\/genomecanada.ca\/fr\/nouvelle-directrice-executive-rcangeco\/","og_locale":"fr_FR","og_type":"article","og_title":"Nouvelle directrice ex\u00e9cutive, RCanG\u00e9CO - GenomeCanada","og_description":"G\u00e9nome Canada est heureux d\u2019accueillir la Dre Catalina Lopez-Correa\u00a0\u00e0 titre de directrice ex\u00e9cutive du R\u00e9seau canadien de g\u00e9nomique\u00a0COVID-19 (RCanG\u00e9CO) \u00e0 compter du 22\u00a0juin\u00a02020. La Dre\u00a0Lopez-Correa qui se joint maintenant \u00e0 l\u2019\u00e9quipe de G\u00e9nome Canada, poss\u00e8de plus de 20\u00a0ans d\u2019exp\u00e9rience internationale acquise tant dans les milieux universitaires que dans le secteur priv\u00e9, de m\u00eame qu\u2019une profonde [&hellip;]","og_url":"https:\/\/genomecanada.ca\/fr\/nouvelle-directrice-executive-rcangeco\/","og_site_name":"GenomeCanada","article_published_time":"2020-06-22T12:49:00+00:00","article_modified_time":"2022-05-05T19:49:39+00:00","og_image":[{"url":"https:\/\/genomecanada.ca\/drupal\/wp-content\/uploads\/2020\/06\/photo-catalina_lopez-correa.jpg","type":"","width":"","height":""}],"author":"Pierre","twitter_card":"summary_large_image","twitter_misc":{"\u00c9crit par":"Pierre","Dur\u00e9e de lecture estim\u00e9e":"4 minutes"},"schema":{"@context":"https:\/\/schema.org","@graph":[{"@type":"Article","@id":"https:\/\/genomecanada.ca\/fr\/nouvelle-directrice-executive-rcangeco\/#article","isPartOf":{"@id":"https:\/\/genomecanada.ca\/fr\/nouvelle-directrice-executive-rcangeco\/"},"author":{"name":"Pierre","@id":"https:\/\/genomecanada.ca\/fr\/#\/schema\/person\/9178d2ca6aca04c78924c5863c96697a"},"headline":"Nouvelle directrice ex\u00e9cutive, RCanG\u00e9CO","datePublished":"2020-06-22T12:49:00+00:00","dateModified":"2022-05-05T19:49:39+00:00","mainEntityOfPage":{"@id":"https:\/\/genomecanada.ca\/fr\/nouvelle-directrice-executive-rcangeco\/"},"wordCount":747,"publisher":{"@id":"https:\/\/genomecanada.ca\/fr\/#organization"},"image":{"@id":"https:\/\/genomecanada.ca\/fr\/nouvelle-directrice-executive-rcangeco\/#primaryimage"},"thumbnailUrl":"https:\/\/genomecanada.ca\/drupal\/wp-content\/uploads\/2020\/06\/photo-catalina_lopez-correa.jpg","articleSection":["G\u00e9n\u00e9ral","News"],"inLanguage":"fr-FR"},{"@type":"WebPage","@id":"https:\/\/genomecanada.ca\/fr\/nouvelle-directrice-executive-rcangeco\/","url":"https:\/\/genomecanada.ca\/fr\/nouvelle-directrice-executive-rcangeco\/","name":"Nouvelle directrice ex\u00e9cutive, RCanG\u00e9CO - GenomeCanada","isPartOf":{"@id":"https:\/\/genomecanada.ca\/fr\/#website"},"primaryImageOfPage":{"@id":"https:\/\/genomecanada.ca\/fr\/nouvelle-directrice-executive-rcangeco\/#primaryimage"},"image":{"@id":"https:\/\/genomecanada.ca\/fr\/nouvelle-directrice-executive-rcangeco\/#primaryimage"},"thumbnailUrl":"https:\/\/genomecanada.ca\/drupal\/wp-content\/uploads\/2020\/06\/photo-catalina_lopez-correa.jpg","datePublished":"2020-06-22T12:49:00+00:00","dateModified":"2022-05-05T19:49:39+00:00","breadcrumb":{"@id":"https:\/\/genomecanada.ca\/fr\/nouvelle-directrice-executive-rcangeco\/#breadcrumb"},"inLanguage":"fr-FR","potentialAction":[{"@type":"ReadAction","target":["https:\/\/genomecanada.ca\/fr\/nouvelle-directrice-executive-rcangeco\/"]}]},{"@type":"ImageObject","inLanguage":"fr-FR","@id":"https:\/\/genomecanada.ca\/fr\/nouvelle-directrice-executive-rcangeco\/#primaryimage","url":"https:\/\/genomecanada.ca\/drupal\/wp-content\/uploads\/2020\/06\/photo-catalina_lopez-correa.jpg","contentUrl":"https:\/\/genomecanada.ca\/drupal\/wp-content\/uploads\/2020\/06\/photo-catalina_lopez-correa.jpg"},{"@type":"BreadcrumbList","@id":"https:\/\/genomecanada.ca\/fr\/nouvelle-directrice-executive-rcangeco\/#breadcrumb","itemListElement":[{"@type":"ListItem","position":1,"name":"Home","item":"https:\/\/genomecanada.ca\/fr\/"},{"@type":"ListItem","position":2,"name":"Nouvelle directrice ex\u00e9cutive, RCanG\u00e9CO"}]},{"@type":"WebSite","@id":"https:\/\/genomecanada.ca\/fr\/#website","url":"https:\/\/genomecanada.ca\/fr\/","name":"GenomeCanada","description":"Harnessing the transformative power of genomics","publisher":{"@id":"https:\/\/genomecanada.ca\/fr\/#organization"},"potentialAction":[{"@type":"SearchAction","target":{"@type":"EntryPoint","urlTemplate":"https:\/\/genomecanada.ca\/fr\/?s={search_term_string}"},"query-input":{"@type":"PropertyValueSpecification","valueRequired":true,"valueName":"search_term_string"}}],"inLanguage":"fr-FR"},{"@type":"Organization","@id":"https:\/\/genomecanada.ca\/fr\/#organization","name":"GenomeCanada","url":"https:\/\/genomecanada.ca\/fr\/","logo":{"@type":"ImageObject","inLanguage":"fr-FR","@id":"https:\/\/genomecanada.ca\/fr\/#\/schema\/logo\/image\/","url":"https:\/\/genomecanada.ca\/wp-content\/uploads\/2021\/07\/genome-canada_stacked.svg","contentUrl":"https:\/\/genomecanada.ca\/wp-content\/uploads\/2021\/07\/genome-canada_stacked.svg","width":285,"height":180,"caption":"GenomeCanada"},"image":{"@id":"https:\/\/genomecanada.ca\/fr\/#\/schema\/logo\/image\/"}},{"@type":"Person","@id":"https:\/\/genomecanada.ca\/fr\/#\/schema\/person\/9178d2ca6aca04c78924c5863c96697a","name":"Pierre","image":{"@type":"ImageObject","inLanguage":"fr-FR","@id":"https:\/\/secure.gravatar.com\/avatar\/a57e4d6e69393a17b8cd7f6418130969ad93131795406009ba79ed41978382d2?s=96&d=mm&r=g","url":"https:\/\/secure.gravatar.com\/avatar\/a57e4d6e69393a17b8cd7f6418130969ad93131795406009ba79ed41978382d2?s=96&d=mm&r=g","contentUrl":"https:\/\/secure.gravatar.com\/avatar\/a57e4d6e69393a17b8cd7f6418130969ad93131795406009ba79ed41978382d2?s=96&d=mm&r=g","caption":"Pierre"},"url":"https:\/\/genomecanada.ca\/fr\/author\/pierre\/"}]}},"_links":{"self":[{"href":"https:\/\/genomecanada.ca\/fr\/wp-json\/wp\/v2\/posts\/12251","targetHints":{"allow":["GET"]}}],"collection":[{"href":"https:\/\/genomecanada.ca\/fr\/wp-json\/wp\/v2\/posts"}],"about":[{"href":"https:\/\/genomecanada.ca\/fr\/wp-json\/wp\/v2\/types\/post"}],"author":[{"embeddable":true,"href":"https:\/\/genomecanada.ca\/fr\/wp-json\/wp\/v2\/users\/2"}],"replies":[{"embeddable":true,"href":"https:\/\/genomecanada.ca\/fr\/wp-json\/wp\/v2\/comments?post=12251"}],"version-history":[{"count":0,"href":"https:\/\/genomecanada.ca\/fr\/wp-json\/wp\/v2\/posts\/12251\/revisions"}],"wp:attachment":[{"href":"https:\/\/genomecanada.ca\/fr\/wp-json\/wp\/v2\/media?parent=12251"}],"wp:term":[{"taxonomy":"category","embeddable":true,"href":"https:\/\/genomecanada.ca\/fr\/wp-json\/wp\/v2\/categories?post=12251"},{"taxonomy":"post_tag","embeddable":true,"href":"https:\/\/genomecanada.ca\/fr\/wp-json\/wp\/v2\/tags?post=12251"},{"taxonomy":"mission-categories","embeddable":true,"href":"https:\/\/genomecanada.ca\/fr\/wp-json\/wp\/v2\/mission-categories?post=12251"}],"curies":[{"name":"wp","href":"https:\/\/api.w.org\/{rel}","templated":true}]}}