{"id":12277,"date":"2021-08-04T17:27:00","date_gmt":"2021-08-04T17:27:00","guid":{"rendered":"https:\/\/genomecanada.ca\/drupal\/news_release\/genome-canada-annonce-la-nomination-dune-nouvelle-dirigeante-scientifique-en-chef\/"},"modified":"2022-05-05T16:00:55","modified_gmt":"2022-05-05T20:00:55","slug":"genome-canada-annonce-la-nomination-dune-nouvelle-dirigeante-scientifique-en-chef","status":"publish","type":"post","link":"https:\/\/genomecanada.ca\/fr\/genome-canada-annonce-la-nomination-dune-nouvelle-dirigeante-scientifique-en-chef\/","title":{"rendered":"G\u00e9nome Canada annonce la nomination d\u2019une nouvelle dirigeante scientifique en chef"},"content":{"rendered":"<p><img fetchpriority=\"high\" decoding=\"async\" class=\" size-full wp-image-1754\" style=\"width: 650px; height: 400px;\" src=\"https:\/\/genomecanada.ca\/drupal\/wp-content\/uploads\/2021\/08\/cso-2021-fr_2.png\" alt=\"Dre Catalina Lopez-Correa fera progresser le leadership scientifique de G\u00e9nome Canada pour r\u00e9aliser ainsi la mission de l\u2019organisation. \" width=\"650\" height=\"400\" \/><\/p>\n<p><em>D<sup>re<\/sup> Catalina Lopez-Correa fera progresser le leadership scientifique de G\u00e9nome Canada pour r\u00e9aliser ainsi la mission de l\u2019organisation. \u00a0<\/em><\/p>\n<p>G\u00e9nome Canada a nomm\u00e9 dirigeante scientifique en chef la <a href=\"https:\/\/www.genomecanada.ca\/fr\/propos\/gouvernance\/equipe-de-direction\/catalina-lopez-correa\">D<sup>re<\/sup> Catalina Lopez-Correa<\/a>, une leader scientifique chevronn\u00e9e qui conna\u00eet bien l\u2019Entreprise canadienne de la g\u00e9nomique, entre autres \u00e0 titre de <a href=\"https:\/\/www.genomecanada.ca\/fr\/nouvelles\/nouvelle-directrice-executive-rcangeco\">directrice ex\u00e9cutive du R\u00e9seau canadien de g\u00e9nomique COVID-19 (RCanG\u00e9CO)<\/a>, la premi\u00e8re initiative ax\u00e9e sur une mission dirig\u00e9e par G\u00e9nome Canada.<\/p>\n<p>La D<sup>re<\/sup> Lopez-Correa poss\u00e8de plus de 20\u00a0ans d\u2019exp\u00e9rience internationale acquise tant dans les milieux universitaires que le secteur priv\u00e9, de m\u00eame qu\u2019une profonde compr\u00e9hension de la g\u00e9nomique et de l\u2019innovation qui ont incit\u00e9 les chefs de file des sciences et de l\u2019industrie \u00e0 collaborer pour r\u00e9soudre certains des plus grands d\u00e9fis mondiaux.<\/p>\n<hr \/>\n<p><em>\u00ab\u2009Catalina est une leader scientifique et une communicatrice exceptionnelle \u00e0 qui ce r\u00f4le de dirigeante scientifique en chef convient parfaitement. La comp\u00e9tence avec laquelle elle sait r\u00e9unir des gens et des id\u00e9es de toutes les disciplines et de tous les secteurs aidera G\u00e9nome Canada \u00e0 s\u2019acquitter de ses missions qui am\u00e9liorent et sauvent des vies, soutiennent la durabilit\u00e9 environnementale et font prosp\u00e9rer notre \u00e9conomie au profit de la population canadienne.\u2009\u00bb <\/em><em>\u2014<\/em><em> Rob Annan, Ph. D., pr\u00e9sident et chef de la direction,<\/em><em> G\u00e9nome Canada<\/em><\/p>\n<hr \/>\n<p><strong>Une nouvelle dirigeante scientifique en chef m\u00e8nera \u00e0 bien la mission<\/strong><\/p>\n<p>Le Budget de 2021 <a href=\"https:\/\/www.genomecanada.ca\/fr\/nouvelles\/le-budget-2021-dynamise-la-bioeconomie-et-la-mission-de-la-genomique-au-canada\">a investi 136,7\u00a0millions de dollars dans une nouvelle vision strat\u00e9gique centr\u00e9e sur la mission<\/a> et ax\u00e9e sur la mobilisation de la g\u00e9nomique afin d\u2019am\u00e9liorer des vies, de renforcer les collectivit\u00e9s et de faire prosp\u00e9rer l\u2019\u00e9conomie canadienne. Dans le nouveau r\u00f4le qu\u2019elle jouera dans l\u2019\u00e9quipe de la haute direction de G\u00e9nome Canada, la D<sup>re<\/sup> Lopez-Correa dirigera l\u2019ex\u00e9cution des missions bas\u00e9es sur la g\u00e9nomique et aura la responsabilit\u00e9, au niveau de la direction, de l\u2019expertise et du leadership scientifiques pour l\u2019organisation dans son ensemble. Il lui appartiendra \u00e9galement d\u2019\u00e9tablir des liens avec les r\u00e9seaux pancanadiens et internationaux d\u2019intervenants scientifiques.<\/p>\n<p><strong>Promotion de notre engagement envers l\u2019inclusion, la diversit\u00e9, l\u2019\u00e9quit\u00e9 et l\u2019accessibilit\u00e9<\/strong><\/p>\n<p>L\u2019engagement envers l\u2019inclusion, la diversit\u00e9, l\u2019\u00e9quit\u00e9 et l\u2019accessibilit\u00e9 (IDEA) est une caract\u00e9ristique importante du leadership de la D<sup>re<\/sup> Lopez-Correa. \u00c0 titre de cofondatrice du r\u00e9seau International and Immigrant Women in Science et de membre du comit\u00e9 IDEA de G\u00e9nome Canada, elle continuera de promouvoir l\u2019IDEA dans toute l\u2019organisation, dans nos missions et notre \u00e9cosyst\u00e8me de recherche et d\u2019innovation.<\/p>\n<p><strong>Plus de deux d\u00e9cennies de leadership scientifique \u00a0<\/strong><\/p>\n<p>La D<sup>re<\/sup> Lopez-Correa a pr\u00e9c\u00e9demment occup\u00e9 des postes de dirigeante scientifique en chef \u00e0 G\u00e9nome BC (2016-2019) et \u00e0 G\u00e9nome Qu\u00e9bec (2008-2015) o\u00f9 elle a assur\u00e9 l\u2019orientation strat\u00e9gique de diverses initiatives de recherche et d\u2019innovation. Elle a acquise sa riche exp\u00e9rience du leadership \u00e0 l\u2019\u00e9chelle internationale par des postes de cadre en recherche chez le g\u00e9ant pharmaceutique Eli Lilly aux \u00c9tats-Unis, au prestigieux laboratoire de g\u00e9n\u00e9tique deCODE en Islande et dans deux soci\u00e9t\u00e9s de biotechnologie, InforMax et Genomica, au Royaume-Uni.<\/p>\n<p>Dans ses nouvelles fonctions, elle tirera profit de son r\u00f4le le plus r\u00e9cent de directrice de la mission de G\u00e9nome Canada de s\u2019attaquer \u00e0 la COVID-19 et de jeter les bases de la pr\u00e9paration aux pand\u00e9mies futures, le <a href=\"https:\/\/www.genomecanada.ca\/fr\/rcang%C3%A9co\">RCanG\u00e9CO<\/a>. Lanc\u00e9 en avril 2020 pour coordonner le s\u00e9quen\u00e7age \u00e0 grande \u00e9chelle et pancanadien des g\u00e9nomes du SRAS-CoV-2 et des h\u00f4tes humains, le RCanG\u00e9CO a jou\u00e9 un r\u00f4le essentiel dans les efforts de surveillance de la COVID-19 au Canada. Il a entre autres permis d\u2019assurer <a href=\"https:\/\/www.genomecanada.ca\/fr\/nouvelles\/adoption-dune-strategie-integree-de-lutte-contre-les-variants-preoccupants-pour-suivre-les\">le suivi des variants pr\u00e9occupants \u00e9mergents<\/a>, de renforcer les <a href=\"https:\/\/www.genomecanada.ca\/fr\/nouvelles\/nouveau-partenariat-entre-le-covid-19-genomics-uk-consortium-cog-uk-et-le-reseau-canadien\">partenariats internationaux<\/a>, et de mettre en place l\u2019infrastructure gr\u00e2ce \u00e0 laquelle veiller \u00e0 la <a href=\"https:\/\/www.genomecanada.ca\/fr\/rcangeco\/avancement-des-travaux\">coordination nationale du s\u00e9quen\u00e7age<\/a> et \u00e0 l\u2019<a href=\"https:\/\/www.genomecanada.ca\/fr\/nouvelles\/genome-canada-lance-le-portail-national-de-donnees-pour-suivre-la-covid-19-en-temps-reel\">\u00e9change des donn\u00e9es \u00e0 l\u2019\u00e9chelle nationale et internationale<\/a> pour aider le Canada \u00e0 s\u2019attaquer aux probl\u00e8mes futurs en sant\u00e9 publique.<\/p>\n<hr \/>\n<p><em>\u00ab\u2009Le temps pass\u00e9 au RCanG\u00e9CO m\u2019a plac\u00e9e aux premi\u00e8res lignes de la lutte contre la COVID-19, aux c\u00f4t\u00e9s de l\u2019une des meilleures et des plus talentueuses \u00e9quipes auxquelles j\u2019aurais pu penser. Je dois maintenant mettre \u00e0 profit cette exp\u00e9rience et aider G\u00e9nome Canada \u00e0 renforcer son impact national \u2013 et mondial \u2013 par la recherche et l\u2019innovation ax\u00e9es sur des missions.\u2009\u00bb <\/em><em>\u2014 <\/em><em>D<sup>re<\/sup> Catalina Lopez-Correa, dirigeante scientifique en chef, G\u00e9nome Canada<\/em><\/p>\n<hr \/>\n<p><a href=\"https:\/\/www.genomecanada.ca\/fr\/propos\/gouvernance\/equipe-de-direction\/catalina-lopez-correa\">Lire toute la biographie de la D<sup>re<\/sup> Lopez-Correa<\/a>.<\/p>\n","protected":false},"excerpt":{"rendered":"<p>Dre Catalina Lopez-Correa fera progresser le leadership scientifique de G\u00e9nome Canada pour r\u00e9aliser ainsi la mission de l\u2019organisation. \u00a0 G\u00e9nome Canada a nomm\u00e9 dirigeante scientifique en chef la Dre Catalina Lopez-Correa, une leader scientifique chevronn\u00e9e qui conna\u00eet bien l\u2019Entreprise canadienne de la g\u00e9nomique, entre autres \u00e0 titre de directrice ex\u00e9cutive du R\u00e9seau canadien de g\u00e9nomique [&hellip;]<\/p>\n","protected":false},"author":2,"featured_media":0,"comment_status":"closed","ping_status":"closed","sticky":false,"template":"","format":"standard","meta":{"_acf_changed":false,"site-sidebar-layout":"default","site-content-layout":"default","ast-site-content-layout":"default","site-content-style":"default","site-sidebar-style":"default","ast-global-header-display":"","ast-banner-title-visibility":"","ast-main-header-display":"","ast-hfb-above-header-display":"","ast-hfb-below-header-display":"","ast-hfb-mobile-header-display":"","site-post-title":"","ast-breadcrumbs-content":"","ast-featured-img":"","footer-sml-layout":"","ast-disable-related-posts":"","theme-transparent-header-meta":"default","adv-header-id-meta":"","stick-header-meta":"","header-above-stick-meta":"","header-main-stick-meta":"","header-below-stick-meta":"","astra-migrate-meta-layouts":"default","ast-page-background-enabled":"default","ast-page-background-meta":{"desktop":{"background-color":"","background-image":"","background-repeat":"repeat","background-position":"center center","background-size":"auto","background-attachment":"scroll","background-type":"","background-media":"","overlay-type":"","overlay-color":"","overlay-opacity":"","overlay-gradient":""},"tablet":{"background-color":"","background-image":"","background-repeat":"repeat","background-position":"center center","background-size":"auto","background-attachment":"scroll","background-type":"","background-media":"","overlay-type":"","overlay-color":"","overlay-opacity":"","overlay-gradient":""},"mobile":{"background-color":"","background-image":"","background-repeat":"repeat","background-position":"center center","background-size":"auto","background-attachment":"scroll","background-type":"","background-media":"","overlay-type":"","overlay-color":"","overlay-opacity":"","overlay-gradient":""}},"ast-content-background-meta":{"desktop":{"background-color":"var(--ast-global-color-5)","background-image":"","background-repeat":"repeat","background-position":"center center","background-size":"auto","background-attachment":"scroll","background-type":"","background-media":"","overlay-type":"","overlay-color":"","overlay-opacity":"","overlay-gradient":""},"tablet":{"background-color":"var(--ast-global-color-5)","background-image":"","background-repeat":"repeat","background-position":"center center","background-size":"auto","background-attachment":"scroll","background-type":"","background-media":"","overlay-type":"","overlay-color":"","overlay-opacity":"","overlay-gradient":""},"mobile":{"background-color":"var(--ast-global-color-5)","background-image":"","background-repeat":"repeat","background-position":"center center","background-size":"auto","background-attachment":"scroll","background-type":"","background-media":"","overlay-type":"","overlay-color":"","overlay-opacity":"","overlay-gradient":""}},"footnotes":""},"categories":[141,127],"tags":[],"mission-categories":[],"class_list":["post-12277","post","type-post","status-publish","format-standard","hentry","category-general-fr","category-news-fr"],"acf":[],"yoast_head":"<!-- This site is optimized with the Yoast SEO plugin v27.5 - https:\/\/yoast.com\/product\/yoast-seo-wordpress\/ -->\n<title>G\u00e9nome Canada annonce la nomination d\u2019une nouvelle dirigeante scientifique en chef - GenomeCanada<\/title>\n<meta name=\"robots\" content=\"index, follow, max-snippet:-1, max-image-preview:large, max-video-preview:-1\" \/>\n<link rel=\"canonical\" href=\"https:\/\/genomecanada.ca\/fr\/genome-canada-annonce-la-nomination-dune-nouvelle-dirigeante-scientifique-en-chef\/\" \/>\n<meta property=\"og:locale\" content=\"fr_FR\" \/>\n<meta property=\"og:type\" content=\"article\" \/>\n<meta property=\"og:title\" content=\"G\u00e9nome Canada annonce la nomination d\u2019une nouvelle dirigeante scientifique en chef - GenomeCanada\" \/>\n<meta property=\"og:description\" content=\"Dre Catalina Lopez-Correa fera progresser le leadership scientifique de G\u00e9nome Canada pour r\u00e9aliser ainsi la mission de l\u2019organisation. \u00a0 G\u00e9nome Canada a nomm\u00e9 dirigeante scientifique en chef la Dre Catalina Lopez-Correa, une leader scientifique chevronn\u00e9e qui conna\u00eet bien l\u2019Entreprise canadienne de la g\u00e9nomique, entre autres \u00e0 titre de directrice ex\u00e9cutive du R\u00e9seau canadien de g\u00e9nomique [&hellip;]\" \/>\n<meta property=\"og:url\" content=\"https:\/\/genomecanada.ca\/fr\/genome-canada-annonce-la-nomination-dune-nouvelle-dirigeante-scientifique-en-chef\/\" \/>\n<meta property=\"og:site_name\" content=\"GenomeCanada\" \/>\n<meta property=\"article:published_time\" content=\"2021-08-04T17:27:00+00:00\" \/>\n<meta property=\"article:modified_time\" content=\"2022-05-05T20:00:55+00:00\" \/>\n<meta property=\"og:image\" content=\"https:\/\/genomecanada.ca\/drupal\/wp-content\/uploads\/2021\/08\/cso-2021-fr_2.png\" \/>\n<meta name=\"author\" content=\"Pierre\" \/>\n<meta name=\"twitter:card\" content=\"summary_large_image\" \/>\n<meta name=\"twitter:label1\" content=\"\u00c9crit par\" \/>\n\t<meta name=\"twitter:data1\" content=\"Pierre\" \/>\n\t<meta name=\"twitter:label2\" content=\"Dur\u00e9e de lecture estim\u00e9e\" \/>\n\t<meta name=\"twitter:data2\" content=\"4 minutes\" \/>\n<script type=\"application\/ld+json\" class=\"yoast-schema-graph\">{\"@context\":\"https:\\\/\\\/schema.org\",\"@graph\":[{\"@type\":\"Article\",\"@id\":\"https:\\\/\\\/genomecanada.ca\\\/fr\\\/genome-canada-annonce-la-nomination-dune-nouvelle-dirigeante-scientifique-en-chef\\\/#article\",\"isPartOf\":{\"@id\":\"https:\\\/\\\/genomecanada.ca\\\/fr\\\/genome-canada-annonce-la-nomination-dune-nouvelle-dirigeante-scientifique-en-chef\\\/\"},\"author\":{\"name\":\"Pierre\",\"@id\":\"https:\\\/\\\/genomecanada.ca\\\/fr\\\/#\\\/schema\\\/person\\\/9178d2ca6aca04c78924c5863c96697a\"},\"headline\":\"G\u00e9nome Canada annonce la nomination d\u2019une nouvelle dirigeante scientifique en chef\",\"datePublished\":\"2021-08-04T17:27:00+00:00\",\"dateModified\":\"2022-05-05T20:00:55+00:00\",\"mainEntityOfPage\":{\"@id\":\"https:\\\/\\\/genomecanada.ca\\\/fr\\\/genome-canada-annonce-la-nomination-dune-nouvelle-dirigeante-scientifique-en-chef\\\/\"},\"wordCount\":797,\"publisher\":{\"@id\":\"https:\\\/\\\/genomecanada.ca\\\/fr\\\/#organization\"},\"image\":{\"@id\":\"https:\\\/\\\/genomecanada.ca\\\/fr\\\/genome-canada-annonce-la-nomination-dune-nouvelle-dirigeante-scientifique-en-chef\\\/#primaryimage\"},\"thumbnailUrl\":\"https:\\\/\\\/genomecanada.ca\\\/drupal\\\/wp-content\\\/uploads\\\/2021\\\/08\\\/cso-2021-fr_2.png\",\"articleSection\":[\"G\u00e9n\u00e9ral\",\"News\"],\"inLanguage\":\"fr-FR\"},{\"@type\":\"WebPage\",\"@id\":\"https:\\\/\\\/genomecanada.ca\\\/fr\\\/genome-canada-annonce-la-nomination-dune-nouvelle-dirigeante-scientifique-en-chef\\\/\",\"url\":\"https:\\\/\\\/genomecanada.ca\\\/fr\\\/genome-canada-annonce-la-nomination-dune-nouvelle-dirigeante-scientifique-en-chef\\\/\",\"name\":\"G\u00e9nome Canada annonce la nomination d\u2019une nouvelle dirigeante scientifique en chef - GenomeCanada\",\"isPartOf\":{\"@id\":\"https:\\\/\\\/genomecanada.ca\\\/fr\\\/#website\"},\"primaryImageOfPage\":{\"@id\":\"https:\\\/\\\/genomecanada.ca\\\/fr\\\/genome-canada-annonce-la-nomination-dune-nouvelle-dirigeante-scientifique-en-chef\\\/#primaryimage\"},\"image\":{\"@id\":\"https:\\\/\\\/genomecanada.ca\\\/fr\\\/genome-canada-annonce-la-nomination-dune-nouvelle-dirigeante-scientifique-en-chef\\\/#primaryimage\"},\"thumbnailUrl\":\"https:\\\/\\\/genomecanada.ca\\\/drupal\\\/wp-content\\\/uploads\\\/2021\\\/08\\\/cso-2021-fr_2.png\",\"datePublished\":\"2021-08-04T17:27:00+00:00\",\"dateModified\":\"2022-05-05T20:00:55+00:00\",\"breadcrumb\":{\"@id\":\"https:\\\/\\\/genomecanada.ca\\\/fr\\\/genome-canada-annonce-la-nomination-dune-nouvelle-dirigeante-scientifique-en-chef\\\/#breadcrumb\"},\"inLanguage\":\"fr-FR\",\"potentialAction\":[{\"@type\":\"ReadAction\",\"target\":[\"https:\\\/\\\/genomecanada.ca\\\/fr\\\/genome-canada-annonce-la-nomination-dune-nouvelle-dirigeante-scientifique-en-chef\\\/\"]}]},{\"@type\":\"ImageObject\",\"inLanguage\":\"fr-FR\",\"@id\":\"https:\\\/\\\/genomecanada.ca\\\/fr\\\/genome-canada-annonce-la-nomination-dune-nouvelle-dirigeante-scientifique-en-chef\\\/#primaryimage\",\"url\":\"https:\\\/\\\/genomecanada.ca\\\/drupal\\\/wp-content\\\/uploads\\\/2021\\\/08\\\/cso-2021-fr_2.png\",\"contentUrl\":\"https:\\\/\\\/genomecanada.ca\\\/drupal\\\/wp-content\\\/uploads\\\/2021\\\/08\\\/cso-2021-fr_2.png\"},{\"@type\":\"BreadcrumbList\",\"@id\":\"https:\\\/\\\/genomecanada.ca\\\/fr\\\/genome-canada-annonce-la-nomination-dune-nouvelle-dirigeante-scientifique-en-chef\\\/#breadcrumb\",\"itemListElement\":[{\"@type\":\"ListItem\",\"position\":1,\"name\":\"Home\",\"item\":\"https:\\\/\\\/genomecanada.ca\\\/fr\\\/\"},{\"@type\":\"ListItem\",\"position\":2,\"name\":\"G\u00e9nome Canada annonce la nomination d\u2019une nouvelle dirigeante scientifique en chef\"}]},{\"@type\":\"WebSite\",\"@id\":\"https:\\\/\\\/genomecanada.ca\\\/fr\\\/#website\",\"url\":\"https:\\\/\\\/genomecanada.ca\\\/fr\\\/\",\"name\":\"GenomeCanada\",\"description\":\"Harnessing the transformative power of genomics\",\"publisher\":{\"@id\":\"https:\\\/\\\/genomecanada.ca\\\/fr\\\/#organization\"},\"potentialAction\":[{\"@type\":\"SearchAction\",\"target\":{\"@type\":\"EntryPoint\",\"urlTemplate\":\"https:\\\/\\\/genomecanada.ca\\\/fr\\\/?s={search_term_string}\"},\"query-input\":{\"@type\":\"PropertyValueSpecification\",\"valueRequired\":true,\"valueName\":\"search_term_string\"}}],\"inLanguage\":\"fr-FR\"},{\"@type\":\"Organization\",\"@id\":\"https:\\\/\\\/genomecanada.ca\\\/fr\\\/#organization\",\"name\":\"GenomeCanada\",\"url\":\"https:\\\/\\\/genomecanada.ca\\\/fr\\\/\",\"logo\":{\"@type\":\"ImageObject\",\"inLanguage\":\"fr-FR\",\"@id\":\"https:\\\/\\\/genomecanada.ca\\\/fr\\\/#\\\/schema\\\/logo\\\/image\\\/\",\"url\":\"https:\\\/\\\/genomecanada.ca\\\/wp-content\\\/uploads\\\/2021\\\/07\\\/genome-canada_stacked.svg\",\"contentUrl\":\"https:\\\/\\\/genomecanada.ca\\\/wp-content\\\/uploads\\\/2021\\\/07\\\/genome-canada_stacked.svg\",\"width\":285,\"height\":180,\"caption\":\"GenomeCanada\"},\"image\":{\"@id\":\"https:\\\/\\\/genomecanada.ca\\\/fr\\\/#\\\/schema\\\/logo\\\/image\\\/\"}},{\"@type\":\"Person\",\"@id\":\"https:\\\/\\\/genomecanada.ca\\\/fr\\\/#\\\/schema\\\/person\\\/9178d2ca6aca04c78924c5863c96697a\",\"name\":\"Pierre\",\"image\":{\"@type\":\"ImageObject\",\"inLanguage\":\"fr-FR\",\"@id\":\"https:\\\/\\\/secure.gravatar.com\\\/avatar\\\/a57e4d6e69393a17b8cd7f6418130969ad93131795406009ba79ed41978382d2?s=96&d=mm&r=g\",\"url\":\"https:\\\/\\\/secure.gravatar.com\\\/avatar\\\/a57e4d6e69393a17b8cd7f6418130969ad93131795406009ba79ed41978382d2?s=96&d=mm&r=g\",\"contentUrl\":\"https:\\\/\\\/secure.gravatar.com\\\/avatar\\\/a57e4d6e69393a17b8cd7f6418130969ad93131795406009ba79ed41978382d2?s=96&d=mm&r=g\",\"caption\":\"Pierre\"},\"url\":\"https:\\\/\\\/genomecanada.ca\\\/fr\\\/author\\\/pierre\\\/\"}]}<\/script>\n<!-- \/ Yoast SEO plugin. -->","yoast_head_json":{"title":"G\u00e9nome Canada annonce la nomination d\u2019une nouvelle dirigeante scientifique en chef - GenomeCanada","robots":{"index":"index","follow":"follow","max-snippet":"max-snippet:-1","max-image-preview":"max-image-preview:large","max-video-preview":"max-video-preview:-1"},"canonical":"https:\/\/genomecanada.ca\/fr\/genome-canada-annonce-la-nomination-dune-nouvelle-dirigeante-scientifique-en-chef\/","og_locale":"fr_FR","og_type":"article","og_title":"G\u00e9nome Canada annonce la nomination d\u2019une nouvelle dirigeante scientifique en chef - GenomeCanada","og_description":"Dre Catalina Lopez-Correa fera progresser le leadership scientifique de G\u00e9nome Canada pour r\u00e9aliser ainsi la mission de l\u2019organisation. \u00a0 G\u00e9nome Canada a nomm\u00e9 dirigeante scientifique en chef la Dre Catalina Lopez-Correa, une leader scientifique chevronn\u00e9e qui conna\u00eet bien l\u2019Entreprise canadienne de la g\u00e9nomique, entre autres \u00e0 titre de directrice ex\u00e9cutive du R\u00e9seau canadien de g\u00e9nomique [&hellip;]","og_url":"https:\/\/genomecanada.ca\/fr\/genome-canada-annonce-la-nomination-dune-nouvelle-dirigeante-scientifique-en-chef\/","og_site_name":"GenomeCanada","article_published_time":"2021-08-04T17:27:00+00:00","article_modified_time":"2022-05-05T20:00:55+00:00","og_image":[{"url":"https:\/\/genomecanada.ca\/drupal\/wp-content\/uploads\/2021\/08\/cso-2021-fr_2.png","type":"","width":"","height":""}],"author":"Pierre","twitter_card":"summary_large_image","twitter_misc":{"\u00c9crit par":"Pierre","Dur\u00e9e de lecture estim\u00e9e":"4 minutes"},"schema":{"@context":"https:\/\/schema.org","@graph":[{"@type":"Article","@id":"https:\/\/genomecanada.ca\/fr\/genome-canada-annonce-la-nomination-dune-nouvelle-dirigeante-scientifique-en-chef\/#article","isPartOf":{"@id":"https:\/\/genomecanada.ca\/fr\/genome-canada-annonce-la-nomination-dune-nouvelle-dirigeante-scientifique-en-chef\/"},"author":{"name":"Pierre","@id":"https:\/\/genomecanada.ca\/fr\/#\/schema\/person\/9178d2ca6aca04c78924c5863c96697a"},"headline":"G\u00e9nome Canada annonce la nomination d\u2019une nouvelle dirigeante scientifique en chef","datePublished":"2021-08-04T17:27:00+00:00","dateModified":"2022-05-05T20:00:55+00:00","mainEntityOfPage":{"@id":"https:\/\/genomecanada.ca\/fr\/genome-canada-annonce-la-nomination-dune-nouvelle-dirigeante-scientifique-en-chef\/"},"wordCount":797,"publisher":{"@id":"https:\/\/genomecanada.ca\/fr\/#organization"},"image":{"@id":"https:\/\/genomecanada.ca\/fr\/genome-canada-annonce-la-nomination-dune-nouvelle-dirigeante-scientifique-en-chef\/#primaryimage"},"thumbnailUrl":"https:\/\/genomecanada.ca\/drupal\/wp-content\/uploads\/2021\/08\/cso-2021-fr_2.png","articleSection":["G\u00e9n\u00e9ral","News"],"inLanguage":"fr-FR"},{"@type":"WebPage","@id":"https:\/\/genomecanada.ca\/fr\/genome-canada-annonce-la-nomination-dune-nouvelle-dirigeante-scientifique-en-chef\/","url":"https:\/\/genomecanada.ca\/fr\/genome-canada-annonce-la-nomination-dune-nouvelle-dirigeante-scientifique-en-chef\/","name":"G\u00e9nome Canada annonce la nomination d\u2019une nouvelle dirigeante scientifique en chef - GenomeCanada","isPartOf":{"@id":"https:\/\/genomecanada.ca\/fr\/#website"},"primaryImageOfPage":{"@id":"https:\/\/genomecanada.ca\/fr\/genome-canada-annonce-la-nomination-dune-nouvelle-dirigeante-scientifique-en-chef\/#primaryimage"},"image":{"@id":"https:\/\/genomecanada.ca\/fr\/genome-canada-annonce-la-nomination-dune-nouvelle-dirigeante-scientifique-en-chef\/#primaryimage"},"thumbnailUrl":"https:\/\/genomecanada.ca\/drupal\/wp-content\/uploads\/2021\/08\/cso-2021-fr_2.png","datePublished":"2021-08-04T17:27:00+00:00","dateModified":"2022-05-05T20:00:55+00:00","breadcrumb":{"@id":"https:\/\/genomecanada.ca\/fr\/genome-canada-annonce-la-nomination-dune-nouvelle-dirigeante-scientifique-en-chef\/#breadcrumb"},"inLanguage":"fr-FR","potentialAction":[{"@type":"ReadAction","target":["https:\/\/genomecanada.ca\/fr\/genome-canada-annonce-la-nomination-dune-nouvelle-dirigeante-scientifique-en-chef\/"]}]},{"@type":"ImageObject","inLanguage":"fr-FR","@id":"https:\/\/genomecanada.ca\/fr\/genome-canada-annonce-la-nomination-dune-nouvelle-dirigeante-scientifique-en-chef\/#primaryimage","url":"https:\/\/genomecanada.ca\/drupal\/wp-content\/uploads\/2021\/08\/cso-2021-fr_2.png","contentUrl":"https:\/\/genomecanada.ca\/drupal\/wp-content\/uploads\/2021\/08\/cso-2021-fr_2.png"},{"@type":"BreadcrumbList","@id":"https:\/\/genomecanada.ca\/fr\/genome-canada-annonce-la-nomination-dune-nouvelle-dirigeante-scientifique-en-chef\/#breadcrumb","itemListElement":[{"@type":"ListItem","position":1,"name":"Home","item":"https:\/\/genomecanada.ca\/fr\/"},{"@type":"ListItem","position":2,"name":"G\u00e9nome Canada annonce la nomination d\u2019une nouvelle dirigeante scientifique en chef"}]},{"@type":"WebSite","@id":"https:\/\/genomecanada.ca\/fr\/#website","url":"https:\/\/genomecanada.ca\/fr\/","name":"GenomeCanada","description":"Harnessing the transformative power of genomics","publisher":{"@id":"https:\/\/genomecanada.ca\/fr\/#organization"},"potentialAction":[{"@type":"SearchAction","target":{"@type":"EntryPoint","urlTemplate":"https:\/\/genomecanada.ca\/fr\/?s={search_term_string}"},"query-input":{"@type":"PropertyValueSpecification","valueRequired":true,"valueName":"search_term_string"}}],"inLanguage":"fr-FR"},{"@type":"Organization","@id":"https:\/\/genomecanada.ca\/fr\/#organization","name":"GenomeCanada","url":"https:\/\/genomecanada.ca\/fr\/","logo":{"@type":"ImageObject","inLanguage":"fr-FR","@id":"https:\/\/genomecanada.ca\/fr\/#\/schema\/logo\/image\/","url":"https:\/\/genomecanada.ca\/wp-content\/uploads\/2021\/07\/genome-canada_stacked.svg","contentUrl":"https:\/\/genomecanada.ca\/wp-content\/uploads\/2021\/07\/genome-canada_stacked.svg","width":285,"height":180,"caption":"GenomeCanada"},"image":{"@id":"https:\/\/genomecanada.ca\/fr\/#\/schema\/logo\/image\/"}},{"@type":"Person","@id":"https:\/\/genomecanada.ca\/fr\/#\/schema\/person\/9178d2ca6aca04c78924c5863c96697a","name":"Pierre","image":{"@type":"ImageObject","inLanguage":"fr-FR","@id":"https:\/\/secure.gravatar.com\/avatar\/a57e4d6e69393a17b8cd7f6418130969ad93131795406009ba79ed41978382d2?s=96&d=mm&r=g","url":"https:\/\/secure.gravatar.com\/avatar\/a57e4d6e69393a17b8cd7f6418130969ad93131795406009ba79ed41978382d2?s=96&d=mm&r=g","contentUrl":"https:\/\/secure.gravatar.com\/avatar\/a57e4d6e69393a17b8cd7f6418130969ad93131795406009ba79ed41978382d2?s=96&d=mm&r=g","caption":"Pierre"},"url":"https:\/\/genomecanada.ca\/fr\/author\/pierre\/"}]}},"_links":{"self":[{"href":"https:\/\/genomecanada.ca\/fr\/wp-json\/wp\/v2\/posts\/12277","targetHints":{"allow":["GET"]}}],"collection":[{"href":"https:\/\/genomecanada.ca\/fr\/wp-json\/wp\/v2\/posts"}],"about":[{"href":"https:\/\/genomecanada.ca\/fr\/wp-json\/wp\/v2\/types\/post"}],"author":[{"embeddable":true,"href":"https:\/\/genomecanada.ca\/fr\/wp-json\/wp\/v2\/users\/2"}],"replies":[{"embeddable":true,"href":"https:\/\/genomecanada.ca\/fr\/wp-json\/wp\/v2\/comments?post=12277"}],"version-history":[{"count":0,"href":"https:\/\/genomecanada.ca\/fr\/wp-json\/wp\/v2\/posts\/12277\/revisions"}],"wp:attachment":[{"href":"https:\/\/genomecanada.ca\/fr\/wp-json\/wp\/v2\/media?parent=12277"}],"wp:term":[{"taxonomy":"category","embeddable":true,"href":"https:\/\/genomecanada.ca\/fr\/wp-json\/wp\/v2\/categories?post=12277"},{"taxonomy":"post_tag","embeddable":true,"href":"https:\/\/genomecanada.ca\/fr\/wp-json\/wp\/v2\/tags?post=12277"},{"taxonomy":"mission-categories","embeddable":true,"href":"https:\/\/genomecanada.ca\/fr\/wp-json\/wp\/v2\/mission-categories?post=12277"}],"curies":[{"name":"wp","href":"https:\/\/api.w.org\/{rel}","templated":true}]}}