{"id":25887,"date":"2022-08-30T15:51:36","date_gmt":"2022-08-30T19:51:36","guid":{"rendered":"https:\/\/genomecanada.ca\/?p=25887"},"modified":"2022-10-06T15:00:04","modified_gmt":"2022-10-06T19:00:04","slug":"la-pandemie-silencieuse","status":"publish","type":"post","link":"https:\/\/genomecanada.ca\/fr\/la-pandemie-silencieuse\/","title":{"rendered":"S&rsquo;attaquer \u00e0 la pand\u00e9mie silencieuse"},"content":{"rendered":"\t\t<div data-elementor-type=\"wp-post\" data-elementor-id=\"25887\" class=\"elementor elementor-25887 elementor-25882\" data-elementor-post-type=\"post\">\n\t\t\t\t\t\t<section class=\"has_eae_slider elementor-section elementor-top-section elementor-element elementor-element-9f3ec86 elementor-section-boxed elementor-section-height-default elementor-section-height-default\" data-eae-slider=\"79231\" data-id=\"9f3ec86\" data-element_type=\"section\" data-e-type=\"section\">\n\t\t\t\t\t\t<div class=\"elementor-container elementor-column-gap-default\">\n\t\t\t\t\t<div class=\"has_eae_slider elementor-column elementor-col-100 elementor-top-column elementor-element elementor-element-59bb00f\" data-eae-slider=\"32415\" data-id=\"59bb00f\" data-element_type=\"column\" data-e-type=\"column\">\n\t\t\t<div class=\"elementor-widget-wrap elementor-element-populated\">\n\t\t\t\t\t\t<div class=\"elementor-element elementor-element-55d079d elementor-widget elementor-widget-text-editor\" data-id=\"55d079d\" data-element_type=\"widget\" data-e-type=\"widget\" data-widget_type=\"text-editor.default\">\n\t\t\t\t<div class=\"elementor-widget-container\">\n\t\t\t\t\t\t\t\t\t<h3><span data-contrast=\"auto\">Le Forum \u00e9conomique mondial a not\u00e9 que la \u00ab\u202fpand\u00e9mie silencieuse\u202f\u00bb de r\u00e9sistance aux antimicrobiens fait autant de morts par ann\u00e9e (sinon plus) que la COVID-19.<\/span><\/h3><p><span data-contrast=\"auto\">La g\u00e9nomique est en premi\u00e8re ligne de la lutte contre la r\u00e9sistance aux antimicrobiens au Canada \u2013 et \u00e0 l\u2019\u00e9chelle mondiale gr\u00e2ce aux engagements de l\u2019<\/span><strong><a href=\"https:\/\/www.who.int\/fr\/health-topics\/antimicrobial-resistance\">OMS<\/a><\/strong><span data-contrast=\"auto\"> et des ministres de la Sant\u00e9 du <\/span><strong><a href=\"https:\/\/www.bundesregierung.de\/resource\/blob\/974430\/2042058\/5651daa321517b089cdccfaffd1e37a1\/2022-05-20-g7-health-ministers-communique-data.pdf?download=1\">G7<\/a><\/strong><span data-contrast=\"auto\"><strong>.<\/strong> Les investissements de G\u00e9nome Canada vont du remplacement de l\u2019utilisation des antibiotiques par des <\/span><strong><a href=\"https:\/\/genomecanada.ca\/fr\/\">prot\u00e9ines antimicrobiennes<\/a><\/strong><span data-contrast=\"auto\"> identifi\u00e9es par la g\u00e9nomique dans la pratique v\u00e9t\u00e9rinaire \u00e0 la compr\u00e9hension et \u00e0 la gestion du <\/span><strong><a href=\"https:\/\/genomecanada.ca\/fr\/\">transfert de la r\u00e9sistance aux antimicrobiens<\/a><\/strong><span data-contrast=\"auto\"> entre les bact\u00e9ries et les habitats.\u00a0<\/span><span data-ccp-props=\"{&quot;201341983&quot;:0,&quot;335551550&quot;:1,&quot;335551620&quot;:1,&quot;335559738&quot;:0,&quot;335559739&quot;:160,&quot;335559740&quot;:259}\">\u00a0<\/span><\/p><p><span data-contrast=\"auto\">Intervenir sur la r\u00e9sistance aux antimicrobiens est vital, tant en termes de vies sauv\u00e9es que de retomb\u00e9es \u00e9conomiques. D\u2019ici 2050, on estime que les co\u00fbts cumul\u00e9s de la r\u00e9sistance aux antimicrobiens pour le syst\u00e8me de sant\u00e9 canadien avoisineront les 120 milliards de dollars, et l\u2019\u00e9conomie pourrait perdre jusqu\u2019\u00e0 21 milliards de dollars par an. Investir maintenant dans la g\u00e9nomique permettra d\u2019apporter les changements n\u00e9cessaires pour r\u00e9duire ces co\u00fbts sociaux et \u00e9conomiques dans l\u2019avenir.\u00a0<\/span><span data-ccp-props=\"{&quot;201341983&quot;:0,&quot;335551550&quot;:1,&quot;335551620&quot;:1,&quot;335559738&quot;:0,&quot;335559739&quot;:160,&quot;335559740&quot;:259}\">\u00a0<\/span><\/p><p><i><span data-contrast=\"auto\">En collaboration avec l\u2019ensemble du r\u00e9seau de l\u2019Entreprise canadienne de la g\u00e9nomique<\/span><\/i><\/p>\t\t\t\t\t\t\t\t<\/div>\n\t\t\t\t<\/div>\n\t\t\t\t\t<\/div>\n\t\t<\/div>\n\t\t\t\t\t<\/div>\n\t\t<\/section>\n\t\t\t\t<\/div>\n\t\t","protected":false},"excerpt":{"rendered":"<p>Le Forum \u00e9conomique mondial a not\u00e9 que la \u00ab\u202fpand\u00e9mie silencieuse\u202f\u00bb de r\u00e9sistance aux antimicrobiens fait autant de morts par ann\u00e9e (sinon plus) que la COVID-19. La g\u00e9nomique est en premi\u00e8re ligne de la lutte contre la r\u00e9sistance aux antimicrobiens au Canada \u2013 et \u00e0 l\u2019\u00e9chelle mondiale gr\u00e2ce aux engagements de l\u2019OMS et des ministres de [&hellip;]<\/p>\n","protected":false},"author":1,"featured_media":25697,"comment_status":"open","ping_status":"open","sticky":false,"template":"","format":"standard","meta":{"_acf_changed":false,"site-sidebar-layout":"default","site-content-layout":"default","ast-site-content-layout":"default","site-content-style":"default","site-sidebar-style":"default","ast-global-header-display":"","ast-banner-title-visibility":"","ast-main-header-display":"","ast-hfb-above-header-display":"","ast-hfb-below-header-display":"","ast-hfb-mobile-header-display":"","site-post-title":"","ast-breadcrumbs-content":"","ast-featured-img":"","footer-sml-layout":"","ast-disable-related-posts":"","theme-transparent-header-meta":"default","adv-header-id-meta":"","stick-header-meta":"","header-above-stick-meta":"","header-main-stick-meta":"","header-below-stick-meta":"","astra-migrate-meta-layouts":"default","ast-page-background-enabled":"default","ast-page-background-meta":{"desktop":{"background-color":"","background-image":"","background-repeat":"repeat","background-position":"center center","background-size":"auto","background-attachment":"scroll","background-type":"","background-media":"","overlay-type":"","overlay-color":"","overlay-opacity":"","overlay-gradient":""},"tablet":{"background-color":"","background-image":"","background-repeat":"repeat","background-position":"center center","background-size":"auto","background-attachment":"scroll","background-type":"","background-media":"","overlay-type":"","overlay-color":"","overlay-opacity":"","overlay-gradient":""},"mobile":{"background-color":"","background-image":"","background-repeat":"repeat","background-position":"center center","background-size":"auto","background-attachment":"scroll","background-type":"","background-media":"","overlay-type":"","overlay-color":"","overlay-opacity":"","overlay-gradient":""}},"ast-content-background-meta":{"desktop":{"background-color":"var(--ast-global-color-5)","background-image":"","background-repeat":"repeat","background-position":"center center","background-size":"auto","background-attachment":"scroll","background-type":"","background-media":"","overlay-type":"","overlay-color":"","overlay-opacity":"","overlay-gradient":""},"tablet":{"background-color":"var(--ast-global-color-5)","background-image":"","background-repeat":"repeat","background-position":"center center","background-size":"auto","background-attachment":"scroll","background-type":"","background-media":"","overlay-type":"","overlay-color":"","overlay-opacity":"","overlay-gradient":""},"mobile":{"background-color":"var(--ast-global-color-5)","background-image":"","background-repeat":"repeat","background-position":"center center","background-size":"auto","background-attachment":"scroll","background-type":"","background-media":"","overlay-type":"","overlay-color":"","overlay-opacity":"","overlay-gradient":""}},"footnotes":""},"categories":[143,141,127,85,149,128],"tags":[],"mission-categories":[160],"class_list":["post-25887","post","type-post","status-publish","format-standard","has-post-thumbnail","hentry","category-future-of-genomics-fr","category-general-fr","category-news-fr","category-non-classifiee","category-featured-fr","category-reussites","mission-categories-sante"],"acf":[],"yoast_head":"<!-- This site is optimized with the Yoast SEO plugin v27.4 - https:\/\/yoast.com\/product\/yoast-seo-wordpress\/ -->\n<title>S&#039;attaquer \u00e0 la pand\u00e9mie silencieuse - GenomeCanada<\/title>\n<meta name=\"robots\" content=\"index, follow, max-snippet:-1, max-image-preview:large, max-video-preview:-1\" \/>\n<link rel=\"canonical\" href=\"https:\/\/genomecanada.ca\/fr\/la-pandemie-silencieuse\/\" \/>\n<meta property=\"og:locale\" content=\"fr_FR\" \/>\n<meta property=\"og:type\" content=\"article\" \/>\n<meta property=\"og:title\" content=\"S&#039;attaquer \u00e0 la pand\u00e9mie silencieuse - GenomeCanada\" \/>\n<meta property=\"og:description\" content=\"Le Forum \u00e9conomique mondial a not\u00e9 que la \u00ab\u202fpand\u00e9mie silencieuse\u202f\u00bb de r\u00e9sistance aux antimicrobiens fait autant de morts par ann\u00e9e (sinon plus) que la COVID-19. La g\u00e9nomique est en premi\u00e8re ligne de la lutte contre la r\u00e9sistance aux antimicrobiens au Canada \u2013 et \u00e0 l\u2019\u00e9chelle mondiale gr\u00e2ce aux engagements de l\u2019OMS et des ministres de [&hellip;]\" \/>\n<meta property=\"og:url\" content=\"https:\/\/genomecanada.ca\/fr\/la-pandemie-silencieuse\/\" \/>\n<meta property=\"og:site_name\" content=\"GenomeCanada\" \/>\n<meta property=\"article:published_time\" content=\"2022-08-30T19:51:36+00:00\" \/>\n<meta property=\"article:modified_time\" content=\"2022-10-06T19:00:04+00:00\" \/>\n<meta property=\"og:image\" content=\"https:\/\/genomecanada.ca\/wp-content\/uploads\/2022\/08\/ADDRESSING-THE-QUIET-PANDEMIC-1.jpg\" \/>\n\t<meta property=\"og:image:width\" content=\"724\" \/>\n\t<meta property=\"og:image:height\" content=\"483\" \/>\n\t<meta property=\"og:image:type\" content=\"image\/jpeg\" \/>\n<meta name=\"author\" content=\"Genome Canada\" \/>\n<meta name=\"twitter:card\" content=\"summary_large_image\" \/>\n<meta name=\"twitter:label1\" content=\"\u00c9crit par\" \/>\n\t<meta name=\"twitter:data1\" content=\"Genome Canada\" \/>\n\t<meta name=\"twitter:label2\" content=\"Dur\u00e9e de lecture estim\u00e9e\" \/>\n\t<meta name=\"twitter:data2\" content=\"1 minute\" \/>\n<script type=\"application\/ld+json\" class=\"yoast-schema-graph\">{\"@context\":\"https:\\\/\\\/schema.org\",\"@graph\":[{\"@type\":\"Article\",\"@id\":\"https:\\\/\\\/genomecanada.ca\\\/fr\\\/la-pandemie-silencieuse\\\/#article\",\"isPartOf\":{\"@id\":\"https:\\\/\\\/genomecanada.ca\\\/fr\\\/la-pandemie-silencieuse\\\/\"},\"author\":{\"name\":\"Genome Canada\",\"@id\":\"https:\\\/\\\/genomecanada.ca\\\/fr\\\/#\\\/schema\\\/person\\\/a9cdfa06c803f61c3da26c129b0ea941\"},\"headline\":\"S&rsquo;attaquer \u00e0 la pand\u00e9mie silencieuse\",\"datePublished\":\"2022-08-30T19:51:36+00:00\",\"dateModified\":\"2022-10-06T19:00:04+00:00\",\"mainEntityOfPage\":{\"@id\":\"https:\\\/\\\/genomecanada.ca\\\/fr\\\/la-pandemie-silencieuse\\\/\"},\"wordCount\":225,\"commentCount\":0,\"publisher\":{\"@id\":\"https:\\\/\\\/genomecanada.ca\\\/fr\\\/#organization\"},\"image\":{\"@id\":\"https:\\\/\\\/genomecanada.ca\\\/fr\\\/la-pandemie-silencieuse\\\/#primaryimage\"},\"thumbnailUrl\":\"https:\\\/\\\/genomecanada.ca\\\/wp-content\\\/uploads\\\/2022\\\/08\\\/ADDRESSING-THE-QUIET-PANDEMIC-1.jpg\",\"articleSection\":[\"Avenir de la g\u00e9nomique\",\"G\u00e9n\u00e9ral\",\"News\",\"Non classifi\u00e9(e)\",\"Pr\u00e9sent\u00e9\",\"R\u00e9ussites\"],\"inLanguage\":\"fr-FR\"},{\"@type\":\"WebPage\",\"@id\":\"https:\\\/\\\/genomecanada.ca\\\/fr\\\/la-pandemie-silencieuse\\\/\",\"url\":\"https:\\\/\\\/genomecanada.ca\\\/fr\\\/la-pandemie-silencieuse\\\/\",\"name\":\"S'attaquer \u00e0 la pand\u00e9mie silencieuse - GenomeCanada\",\"isPartOf\":{\"@id\":\"https:\\\/\\\/genomecanada.ca\\\/fr\\\/#website\"},\"primaryImageOfPage\":{\"@id\":\"https:\\\/\\\/genomecanada.ca\\\/fr\\\/la-pandemie-silencieuse\\\/#primaryimage\"},\"image\":{\"@id\":\"https:\\\/\\\/genomecanada.ca\\\/fr\\\/la-pandemie-silencieuse\\\/#primaryimage\"},\"thumbnailUrl\":\"https:\\\/\\\/genomecanada.ca\\\/wp-content\\\/uploads\\\/2022\\\/08\\\/ADDRESSING-THE-QUIET-PANDEMIC-1.jpg\",\"datePublished\":\"2022-08-30T19:51:36+00:00\",\"dateModified\":\"2022-10-06T19:00:04+00:00\",\"breadcrumb\":{\"@id\":\"https:\\\/\\\/genomecanada.ca\\\/fr\\\/la-pandemie-silencieuse\\\/#breadcrumb\"},\"inLanguage\":\"fr-FR\",\"potentialAction\":[{\"@type\":\"ReadAction\",\"target\":[\"https:\\\/\\\/genomecanada.ca\\\/fr\\\/la-pandemie-silencieuse\\\/\"]}]},{\"@type\":\"ImageObject\",\"inLanguage\":\"fr-FR\",\"@id\":\"https:\\\/\\\/genomecanada.ca\\\/fr\\\/la-pandemie-silencieuse\\\/#primaryimage\",\"url\":\"https:\\\/\\\/genomecanada.ca\\\/wp-content\\\/uploads\\\/2022\\\/08\\\/ADDRESSING-THE-QUIET-PANDEMIC-1.jpg\",\"contentUrl\":\"https:\\\/\\\/genomecanada.ca\\\/wp-content\\\/uploads\\\/2022\\\/08\\\/ADDRESSING-THE-QUIET-PANDEMIC-1.jpg\",\"width\":724,\"height\":483,\"caption\":\"Red hens.\"},{\"@type\":\"BreadcrumbList\",\"@id\":\"https:\\\/\\\/genomecanada.ca\\\/fr\\\/la-pandemie-silencieuse\\\/#breadcrumb\",\"itemListElement\":[{\"@type\":\"ListItem\",\"position\":1,\"name\":\"Home\",\"item\":\"https:\\\/\\\/genomecanada.ca\\\/fr\\\/\"},{\"@type\":\"ListItem\",\"position\":2,\"name\":\"S&rsquo;attaquer \u00e0 la pand\u00e9mie silencieuse\"}]},{\"@type\":\"WebSite\",\"@id\":\"https:\\\/\\\/genomecanada.ca\\\/fr\\\/#website\",\"url\":\"https:\\\/\\\/genomecanada.ca\\\/fr\\\/\",\"name\":\"GenomeCanada\",\"description\":\"Harnessing the transformative power of genomics\",\"publisher\":{\"@id\":\"https:\\\/\\\/genomecanada.ca\\\/fr\\\/#organization\"},\"potentialAction\":[{\"@type\":\"SearchAction\",\"target\":{\"@type\":\"EntryPoint\",\"urlTemplate\":\"https:\\\/\\\/genomecanada.ca\\\/fr\\\/?s={search_term_string}\"},\"query-input\":{\"@type\":\"PropertyValueSpecification\",\"valueRequired\":true,\"valueName\":\"search_term_string\"}}],\"inLanguage\":\"fr-FR\"},{\"@type\":\"Organization\",\"@id\":\"https:\\\/\\\/genomecanada.ca\\\/fr\\\/#organization\",\"name\":\"GenomeCanada\",\"url\":\"https:\\\/\\\/genomecanada.ca\\\/fr\\\/\",\"logo\":{\"@type\":\"ImageObject\",\"inLanguage\":\"fr-FR\",\"@id\":\"https:\\\/\\\/genomecanada.ca\\\/fr\\\/#\\\/schema\\\/logo\\\/image\\\/\",\"url\":\"https:\\\/\\\/genomecanada.ca\\\/wp-content\\\/uploads\\\/2021\\\/07\\\/genome-canada_stacked.svg\",\"contentUrl\":\"https:\\\/\\\/genomecanada.ca\\\/wp-content\\\/uploads\\\/2021\\\/07\\\/genome-canada_stacked.svg\",\"width\":285,\"height\":180,\"caption\":\"GenomeCanada\"},\"image\":{\"@id\":\"https:\\\/\\\/genomecanada.ca\\\/fr\\\/#\\\/schema\\\/logo\\\/image\\\/\"}},{\"@type\":\"Person\",\"@id\":\"https:\\\/\\\/genomecanada.ca\\\/fr\\\/#\\\/schema\\\/person\\\/a9cdfa06c803f61c3da26c129b0ea941\",\"name\":\"Genome Canada\",\"image\":{\"@type\":\"ImageObject\",\"inLanguage\":\"fr-FR\",\"@id\":\"https:\\\/\\\/secure.gravatar.com\\\/avatar\\\/5e95246cbc93bad3bd64b49e76f8366fd6329a9706e428074ea44b0bae6f2761?s=96&d=mm&r=g\",\"url\":\"https:\\\/\\\/secure.gravatar.com\\\/avatar\\\/5e95246cbc93bad3bd64b49e76f8366fd6329a9706e428074ea44b0bae6f2761?s=96&d=mm&r=g\",\"contentUrl\":\"https:\\\/\\\/secure.gravatar.com\\\/avatar\\\/5e95246cbc93bad3bd64b49e76f8366fd6329a9706e428074ea44b0bae6f2761?s=96&d=mm&r=g\",\"caption\":\"Genome Canada\"},\"sameAs\":[\"https:\\\/\\\/genomecanada.ca\"],\"url\":\"https:\\\/\\\/genomecanada.ca\\\/fr\\\/author\\\/genome-canada\\\/\"}]}<\/script>\n<!-- \/ Yoast SEO plugin. -->","yoast_head_json":{"title":"S'attaquer \u00e0 la pand\u00e9mie silencieuse - GenomeCanada","robots":{"index":"index","follow":"follow","max-snippet":"max-snippet:-1","max-image-preview":"max-image-preview:large","max-video-preview":"max-video-preview:-1"},"canonical":"https:\/\/genomecanada.ca\/fr\/la-pandemie-silencieuse\/","og_locale":"fr_FR","og_type":"article","og_title":"S'attaquer \u00e0 la pand\u00e9mie silencieuse - GenomeCanada","og_description":"Le Forum \u00e9conomique mondial a not\u00e9 que la \u00ab\u202fpand\u00e9mie silencieuse\u202f\u00bb de r\u00e9sistance aux antimicrobiens fait autant de morts par ann\u00e9e (sinon plus) que la COVID-19. La g\u00e9nomique est en premi\u00e8re ligne de la lutte contre la r\u00e9sistance aux antimicrobiens au Canada \u2013 et \u00e0 l\u2019\u00e9chelle mondiale gr\u00e2ce aux engagements de l\u2019OMS et des ministres de [&hellip;]","og_url":"https:\/\/genomecanada.ca\/fr\/la-pandemie-silencieuse\/","og_site_name":"GenomeCanada","article_published_time":"2022-08-30T19:51:36+00:00","article_modified_time":"2022-10-06T19:00:04+00:00","og_image":[{"width":724,"height":483,"url":"https:\/\/genomecanada.ca\/wp-content\/uploads\/2022\/08\/ADDRESSING-THE-QUIET-PANDEMIC-1.jpg","type":"image\/jpeg"}],"author":"Genome Canada","twitter_card":"summary_large_image","twitter_misc":{"\u00c9crit par":"Genome Canada","Dur\u00e9e de lecture estim\u00e9e":"1 minute"},"schema":{"@context":"https:\/\/schema.org","@graph":[{"@type":"Article","@id":"https:\/\/genomecanada.ca\/fr\/la-pandemie-silencieuse\/#article","isPartOf":{"@id":"https:\/\/genomecanada.ca\/fr\/la-pandemie-silencieuse\/"},"author":{"name":"Genome Canada","@id":"https:\/\/genomecanada.ca\/fr\/#\/schema\/person\/a9cdfa06c803f61c3da26c129b0ea941"},"headline":"S&rsquo;attaquer \u00e0 la pand\u00e9mie silencieuse","datePublished":"2022-08-30T19:51:36+00:00","dateModified":"2022-10-06T19:00:04+00:00","mainEntityOfPage":{"@id":"https:\/\/genomecanada.ca\/fr\/la-pandemie-silencieuse\/"},"wordCount":225,"commentCount":0,"publisher":{"@id":"https:\/\/genomecanada.ca\/fr\/#organization"},"image":{"@id":"https:\/\/genomecanada.ca\/fr\/la-pandemie-silencieuse\/#primaryimage"},"thumbnailUrl":"https:\/\/genomecanada.ca\/wp-content\/uploads\/2022\/08\/ADDRESSING-THE-QUIET-PANDEMIC-1.jpg","articleSection":["Avenir de la g\u00e9nomique","G\u00e9n\u00e9ral","News","Non classifi\u00e9(e)","Pr\u00e9sent\u00e9","R\u00e9ussites"],"inLanguage":"fr-FR"},{"@type":"WebPage","@id":"https:\/\/genomecanada.ca\/fr\/la-pandemie-silencieuse\/","url":"https:\/\/genomecanada.ca\/fr\/la-pandemie-silencieuse\/","name":"S'attaquer \u00e0 la pand\u00e9mie silencieuse - GenomeCanada","isPartOf":{"@id":"https:\/\/genomecanada.ca\/fr\/#website"},"primaryImageOfPage":{"@id":"https:\/\/genomecanada.ca\/fr\/la-pandemie-silencieuse\/#primaryimage"},"image":{"@id":"https:\/\/genomecanada.ca\/fr\/la-pandemie-silencieuse\/#primaryimage"},"thumbnailUrl":"https:\/\/genomecanada.ca\/wp-content\/uploads\/2022\/08\/ADDRESSING-THE-QUIET-PANDEMIC-1.jpg","datePublished":"2022-08-30T19:51:36+00:00","dateModified":"2022-10-06T19:00:04+00:00","breadcrumb":{"@id":"https:\/\/genomecanada.ca\/fr\/la-pandemie-silencieuse\/#breadcrumb"},"inLanguage":"fr-FR","potentialAction":[{"@type":"ReadAction","target":["https:\/\/genomecanada.ca\/fr\/la-pandemie-silencieuse\/"]}]},{"@type":"ImageObject","inLanguage":"fr-FR","@id":"https:\/\/genomecanada.ca\/fr\/la-pandemie-silencieuse\/#primaryimage","url":"https:\/\/genomecanada.ca\/wp-content\/uploads\/2022\/08\/ADDRESSING-THE-QUIET-PANDEMIC-1.jpg","contentUrl":"https:\/\/genomecanada.ca\/wp-content\/uploads\/2022\/08\/ADDRESSING-THE-QUIET-PANDEMIC-1.jpg","width":724,"height":483,"caption":"Red hens."},{"@type":"BreadcrumbList","@id":"https:\/\/genomecanada.ca\/fr\/la-pandemie-silencieuse\/#breadcrumb","itemListElement":[{"@type":"ListItem","position":1,"name":"Home","item":"https:\/\/genomecanada.ca\/fr\/"},{"@type":"ListItem","position":2,"name":"S&rsquo;attaquer \u00e0 la pand\u00e9mie silencieuse"}]},{"@type":"WebSite","@id":"https:\/\/genomecanada.ca\/fr\/#website","url":"https:\/\/genomecanada.ca\/fr\/","name":"GenomeCanada","description":"Harnessing the transformative power of genomics","publisher":{"@id":"https:\/\/genomecanada.ca\/fr\/#organization"},"potentialAction":[{"@type":"SearchAction","target":{"@type":"EntryPoint","urlTemplate":"https:\/\/genomecanada.ca\/fr\/?s={search_term_string}"},"query-input":{"@type":"PropertyValueSpecification","valueRequired":true,"valueName":"search_term_string"}}],"inLanguage":"fr-FR"},{"@type":"Organization","@id":"https:\/\/genomecanada.ca\/fr\/#organization","name":"GenomeCanada","url":"https:\/\/genomecanada.ca\/fr\/","logo":{"@type":"ImageObject","inLanguage":"fr-FR","@id":"https:\/\/genomecanada.ca\/fr\/#\/schema\/logo\/image\/","url":"https:\/\/genomecanada.ca\/wp-content\/uploads\/2021\/07\/genome-canada_stacked.svg","contentUrl":"https:\/\/genomecanada.ca\/wp-content\/uploads\/2021\/07\/genome-canada_stacked.svg","width":285,"height":180,"caption":"GenomeCanada"},"image":{"@id":"https:\/\/genomecanada.ca\/fr\/#\/schema\/logo\/image\/"}},{"@type":"Person","@id":"https:\/\/genomecanada.ca\/fr\/#\/schema\/person\/a9cdfa06c803f61c3da26c129b0ea941","name":"Genome Canada","image":{"@type":"ImageObject","inLanguage":"fr-FR","@id":"https:\/\/secure.gravatar.com\/avatar\/5e95246cbc93bad3bd64b49e76f8366fd6329a9706e428074ea44b0bae6f2761?s=96&d=mm&r=g","url":"https:\/\/secure.gravatar.com\/avatar\/5e95246cbc93bad3bd64b49e76f8366fd6329a9706e428074ea44b0bae6f2761?s=96&d=mm&r=g","contentUrl":"https:\/\/secure.gravatar.com\/avatar\/5e95246cbc93bad3bd64b49e76f8366fd6329a9706e428074ea44b0bae6f2761?s=96&d=mm&r=g","caption":"Genome Canada"},"sameAs":["https:\/\/genomecanada.ca"],"url":"https:\/\/genomecanada.ca\/fr\/author\/genome-canada\/"}]}},"_links":{"self":[{"href":"https:\/\/genomecanada.ca\/fr\/wp-json\/wp\/v2\/posts\/25887","targetHints":{"allow":["GET"]}}],"collection":[{"href":"https:\/\/genomecanada.ca\/fr\/wp-json\/wp\/v2\/posts"}],"about":[{"href":"https:\/\/genomecanada.ca\/fr\/wp-json\/wp\/v2\/types\/post"}],"author":[{"embeddable":true,"href":"https:\/\/genomecanada.ca\/fr\/wp-json\/wp\/v2\/users\/1"}],"replies":[{"embeddable":true,"href":"https:\/\/genomecanada.ca\/fr\/wp-json\/wp\/v2\/comments?post=25887"}],"version-history":[{"count":0,"href":"https:\/\/genomecanada.ca\/fr\/wp-json\/wp\/v2\/posts\/25887\/revisions"}],"wp:featuredmedia":[{"embeddable":true,"href":"https:\/\/genomecanada.ca\/fr\/wp-json\/wp\/v2\/media\/25697"}],"wp:attachment":[{"href":"https:\/\/genomecanada.ca\/fr\/wp-json\/wp\/v2\/media?parent=25887"}],"wp:term":[{"taxonomy":"category","embeddable":true,"href":"https:\/\/genomecanada.ca\/fr\/wp-json\/wp\/v2\/categories?post=25887"},{"taxonomy":"post_tag","embeddable":true,"href":"https:\/\/genomecanada.ca\/fr\/wp-json\/wp\/v2\/tags?post=25887"},{"taxonomy":"mission-categories","embeddable":true,"href":"https:\/\/genomecanada.ca\/fr\/wp-json\/wp\/v2\/mission-categories?post=25887"}],"curies":[{"name":"wp","href":"https:\/\/api.w.org\/{rel}","templated":true}]}}